{"id":82,"date":"2024-10-22T20:56:55","date_gmt":"2024-10-22T18:56:55","guid":{"rendered":"https:\/\/medialabpatagonia.org\/sehacecamino\/?p=82"},"modified":"2024-10-24T00:34:34","modified_gmt":"2024-10-23T22:34:34","slug":"manuel-casella-mi-paso-por-la-facultad-fue-una-etapa-hermosa-llena-de-aprendizajes","status":"publish","type":"post","link":"https:\/\/medialabpatagonia.org\/sehacecamino\/2024\/10\/22\/manuel-casella-mi-paso-por-la-facultad-fue-una-etapa-hermosa-llena-de-aprendizajes\/","title":{"rendered":"Manuel Casella: \u201cMi paso por la facultad fue una etapa hermosa, llena de aprendizajes\u201d"},"content":{"rendered":"<p><span style=\"font-weight: 400;\">Por: Sim\u00f3n Massri<\/span><\/p>\n<p><span style=\"font-weight: 400;\">A sus 31 a\u00f1os, Manuel Casella reflexiona sobre su tiempo en la Facultad de Derecho y Ciencias Sociales, un periodo decisivo en su vida, donde encontr\u00f3 su verdadera vocaci\u00f3n en la Comunicaci\u00f3n Social. \u201cLa facultad no solo me brind\u00f3 las herramientas para convertirme en profesional; tambi\u00e9n ampli\u00f3 mi conciencia social y me ayud\u00f3 a ser m\u00e1s emp\u00e1tico\u201d, se\u00f1ala, subrayando la trascendencia de esos a\u00f1os. \u201cFue una etapa hermosa, llena de aprendizajes y experiencias que dejaron una huella profunda en m\u00ed\u201d.<\/span><\/p>\n<p><span style=\"font-weight: 400;\">Antes de llegar a la Comunicaci\u00f3n Social, Manuel atraves\u00f3 un periodo de incertidumbre. Prob\u00f3 carreras como Administraci\u00f3n de Empresas y Planificaci\u00f3n Ambiental, pero ninguna le dio el sentido de prop\u00f3sito que buscaba. \u201cEstaba perdido, pas\u00e9 por momentos dif\u00edciles y desmotivantes\u201d, admite. Fue en 2014, al comenzar a estudiar Comunicaci\u00f3n Social, cuando todo empez\u00f3 a tener sentido. \u201cMe gustaban mucho las materias, as\u00ed que decid\u00ed intentarlo y empec\u00e9 a viajar desde Neuqu\u00e9n capital a General Roca mientras trabajaba en un bar para costearme los estudios\u201d, recuerda.<\/span><\/p>\n<p><span style=\"font-weight: 400;\">En 2015, tom\u00f3 la decisi\u00f3n de mudarse definitivamente a General Roca para dedicarse de lleno a sus estudios. \u201cViendo en retrospectiva, fue una \u00e9poca llena de ansiedades, pero tambi\u00e9n muy enriquecedora, muy hermosa\u201d, reflexiona. Los a\u00f1os en la Facultad de Derecho y Ciencias Sociales no solo le proporcionaron conocimientos te\u00f3ricos; lo transformaron profundamente.<\/span><\/p>\n<p><b>Dificultades y Aprendizajes<\/b><\/p>\n<p><span style=\"font-weight: 400;\">Su paso por la universidad no fue sencilla. Durante los primeros a\u00f1os, Manuel trabajaba en un kiosco para poder mantenerse mientras estudiaba. \u201cTrabajaba cinco horas en la ma\u00f1ana, sal\u00eda e iba directo a la facultad para luego volver al trabajo. Literalmente me dorm\u00eda en clase del cansancio\u201d, cuenta, sonriendo al recordar aquellos d\u00edas agotadores. A pesar de las dificultades, nunca desisti\u00f3: \u201cSiempre fui muy manija, quer\u00eda terminar r\u00e1pido, pero jam\u00e1s me priv\u00e9 de disfrutar el proceso\u201d, a\u00f1ade.<\/span><\/p>\n<p><span style=\"font-weight: 400;\">A medida que avanzaba en la carrera, el ritmo comenz\u00f3 a cambiar. \u201cAl principio, uno quiere tener todo al d\u00eda, pero con el tiempo se va relajando. En tercer a\u00f1o empec\u00e9 a aflojar, y en cuarto ya quedaban algunas materias pendientes\u201d, comenta con honestidad. Aun as\u00ed, nunca perdi\u00f3 de vista su objetivo. \u201cSiempre supe que iba a recibirme, aunque a veces la ansiedad y el cansancio por el trabajo se hac\u00edan notar\u201d.<\/span><\/p>\n<p><span style=\"font-weight: 400;\">Uno de los momentos que m\u00e1s lo marcaron fue la toma de la facultad en 2018. \u201cFue una de mis primeras medidas de fuerza importantes\u201d, relata con emoci\u00f3n. \u201cNos reunimos un mont\u00f3n de compa\u00f1eros para exigir m\u00e1s presupuesto, y fue hermoso ver c\u00f3mo nos apoy\u00e1bamos unos a otros. Hab\u00eda ollas populares y un ambiente de uni\u00f3n incre\u00edble. Fue como un campamento, todos unidos por la misma causa\u201d, recuerda con nostalgia.<\/span><\/p>\n<p><span style=\"font-weight: 400;\">Tambi\u00e9n considera que la carga acad\u00e9mica en la carrera es un aspecto que deber\u00eda mejorarse. \u201cSiento que la carrera est\u00e1 muy comprimida, con demasiadas materias por a\u00f1o. Eso hace dif\u00edcil poder disfrutarlas plenamente\u201d, reflexiona. A pesar de estos desaf\u00edos, logr\u00f3 completar todas las materias y enfrentar la tesis.<\/span><\/p>\n<p><span style=\"font-weight: 400;\">La llegada de la pandemia transform\u00f3 por completo su vida universitaria. \u201cFue un momento de mucha incertidumbre. El cambio al formato virtual alter\u00f3 la din\u00e1mica de las clases y afect\u00f3 mi motivaci\u00f3n\u201d, confiesa. Defender su tesis en esas condiciones fue un desaf\u00edo inusual. \u201cDefenderla en plena pandemia fue raro. Estaba en el aula, pero las personas que me fueron a ver se quedaron afuera. Fue un cierre muy raro\u201d, recuerda con una mezcla de alivio y orgullo.<\/span><\/p>\n<p><span style=\"font-weight: 400;\">A pesar de lo inusual del contexto, terminar la carrera fue una experiencia gratificante. \u201cPas\u00e9 a\u00f1os esforz\u00e1ndome, y cerrar ese ciclo fue un logro significativo. La universidad no solo me brind\u00f3 conocimientos acad\u00e9micos, sino que me ense\u00f1\u00f3 a valorar la importancia de las relaciones y la empat\u00eda\u201d, reflexiona.<\/span><\/p>\n<p><span style=\"font-weight: 400;\">Con el tiempo, la facultad no s\u00f3lo le brind\u00f3 herramientas acad\u00e9micas, sino que tambi\u00e9n transform\u00f3 su visi\u00f3n del mundo. \u201cLa universidad potenci\u00f3 mi conciencia social y me hizo m\u00e1s emp\u00e1tico. Siempre tuve un trasfondo pol\u00edtico, pero estar ah\u00ed me permiti\u00f3 conectarme de manera m\u00e1s profunda con las realidades sociales de los dem\u00e1s\u201d, subraya, destacando la importancia de esas experiencias tanto en su vida personal como profesional.<\/span><\/p>\n<p><b>El salto profesional<\/b><\/p>\n<p><span style=\"font-weight: 400;\">Graduarse fue un logro importante, pero tambi\u00e9n marc\u00f3 el inicio de una nueva etapa en su vida. Tras completar la carrera, Manuel comenz\u00f3 a trabajar en el portal de noticias ANR (Agencia de Noticias Roca). \u201cSiempre supe que el periodismo era mi camino. A pesar de las dificultades, he encontrado en este trabajo una forma de seguir aprendiendo y creciendo\u201d, comenta con convicci\u00f3n.<\/span><\/p>\n<p><span style=\"font-weight: 400;\">En ANR se dedica a la redacci\u00f3n de noticias. \u201cMe encanta escribir y contar historias. La posibilidad de dar voz a diferentes realidades es algo que valoro mucho en mi trabajo\u201d, explica. Sin embargo, reconoce que el contexto del periodismo puede ser desafiante. \u201cEl sector no paga muy bien, as\u00ed que siempre estoy buscando nuevas oportunidades\u201d, a\u00f1ade.<\/span><\/p>\n<p><span style=\"font-weight: 400;\">Aunque no est\u00e1 activamente involucrado en la militancia pol\u00edtica, sigue asistiendo a marchas y eventos relacionados con causas sociales. \u201cMe gustar\u00eda trabajar en la comunicaci\u00f3n institucional, pero sin dejar de lado el periodismo. Quiero seguir escribiendo y haciendo lo que me gusta\u201d, afirma.<\/span><\/p>\n<p><span style=\"font-weight: 400;\">Mirando hacia atr\u00e1s, Manuel reconoce el impacto transformador de la universidad en su vida. \u201cLa facultad me brind\u00f3 herramientas que no solo me ayudaron a nivel profesional, sino tambi\u00e9n a entender el mundo desde otra perspectiva\u201d, reflexiona. \u201cMe hizo m\u00e1s consciente, m\u00e1s emp\u00e1tico y m\u00e1s comprometido con las realidades de los dem\u00e1s\u201d.<\/span><\/p>\n<p><span style=\"font-weight: 400;\">Ahora, con un futuro lleno de posibilidades, sigue motivado para continuar su camino en la comunicaci\u00f3n. \u201cSigo aprendiendo y quiero seguir contando historias\u201d, concluye, mostrando la misma determinaci\u00f3n que lo acompa\u00f1\u00f3 durante sus a\u00f1os en la facultad.<\/span><\/p>\n","protected":false},"excerpt":{"rendered":"<p>Por: Sim\u00f3n Massri A sus 31 a\u00f1os, Manuel Casella reflexiona sobre su tiempo en la Facultad de Derecho y Ciencias Sociales, un periodo decisivo en su vida, donde encontr\u00f3 su verdadera vocaci\u00f3n en la Comunicaci\u00f3n Social. \u201cLa facultad no solo me brind\u00f3 las herramientas para convertirme en profesional; tambi\u00e9n ampli\u00f3 mi conciencia social y me [&hellip;]<\/p>\n","protected":false},"author":47,"featured_media":92,"comment_status":"open","ping_status":"open","sticky":false,"template":"","format":"standard","meta":{"_exactmetrics_skip_tracking":false,"_exactmetrics_sitenote_active":false,"_exactmetrics_sitenote_note":"","_exactmetrics_sitenote_category":0,"footnotes":""},"categories":[1],"tags":[15,35,40,39,34,33,12,10,11,16,27],"class_list":["post-82","post","type-post","status-publish","format-standard","has-post-thumbnail","hentry","category-sin-categoria","tag-50com","tag-comunicacionsocial","tag-fiskemenuco","tag-generalroca","tag-sehacecamino","tag-soycom","tag-comunicacion","tag-fadecs","tag-periodismo","tag-unco","tag-universidad-publica"],"jetpack_featured_media_url":"https:\/\/medialabpatagonia.org\/sehacecamino\/wp-content\/uploads\/sites\/17\/2024\/10\/1000262738-1-scaled.jpg","_links":{"self":[{"href":"https:\/\/medialabpatagonia.org\/sehacecamino\/wp-json\/wp\/v2\/posts\/82","targetHints":{"allow":["GET"]}}],"collection":[{"href":"https:\/\/medialabpatagonia.org\/sehacecamino\/wp-json\/wp\/v2\/posts"}],"about":[{"href":"https:\/\/medialabpatagonia.org\/sehacecamino\/wp-json\/wp\/v2\/types\/post"}],"author":[{"embeddable":true,"href":"https:\/\/medialabpatagonia.org\/sehacecamino\/wp-json\/wp\/v2\/users\/47"}],"replies":[{"embeddable":true,"href":"https:\/\/medialabpatagonia.org\/sehacecamino\/wp-json\/wp\/v2\/comments?post=82"}],"version-history":[{"count":9,"href":"https:\/\/medialabpatagonia.org\/sehacecamino\/wp-json\/wp\/v2\/posts\/82\/revisions"}],"predecessor-version":[{"id":283,"href":"https:\/\/medialabpatagonia.org\/sehacecamino\/wp-json\/wp\/v2\/posts\/82\/revisions\/283"}],"wp:featuredmedia":[{"embeddable":true,"href":"https:\/\/medialabpatagonia.org\/sehacecamino\/wp-json\/wp\/v2\/media\/92"}],"wp:attachment":[{"href":"https:\/\/medialabpatagonia.org\/sehacecamino\/wp-json\/wp\/v2\/media?parent=82"}],"wp:term":[{"taxonomy":"category","embeddable":true,"href":"https:\/\/medialabpatagonia.org\/sehacecamino\/wp-json\/wp\/v2\/categories?post=82"},{"taxonomy":"post_tag","embeddable":true,"href":"https:\/\/medialabpatagonia.org\/sehacecamino\/wp-json\/wp\/v2\/tags?post=82"}],"curies":[{"name":"wp","href":"https:\/\/api.w.org\/{rel}","templated":true}]}}