{"id":7,"date":"2024-10-24T12:00:32","date_gmt":"2024-10-24T10:00:32","guid":{"rendered":"https:\/\/medialabpatagonia.org\/sehacecamino\/?p=7"},"modified":"2024-10-24T23:16:04","modified_gmt":"2024-10-24T21:16:04","slug":"se-hace-camino-al-pasar","status":"publish","type":"post","link":"https:\/\/medialabpatagonia.org\/sehacecamino\/2024\/10\/24\/se-hace-camino-al-pasar\/","title":{"rendered":"SE HACE CAMINO AL PASAR"},"content":{"rendered":"\n<figure class=\"wp-block-image size-large\"><img loading=\"lazy\" decoding=\"async\" width=\"1024\" height=\"576\" src=\"https:\/\/medialabpatagonia.org\/sehacecamino\/wp-content\/uploads\/sites\/17\/2024\/10\/TAPA2-1-1024x576.jpg\" alt=\"\" class=\"wp-image-149\" srcset=\"https:\/\/medialabpatagonia.org\/sehacecamino\/wp-content\/uploads\/sites\/17\/2024\/10\/TAPA2-1-1024x576.jpg 1024w, https:\/\/medialabpatagonia.org\/sehacecamino\/wp-content\/uploads\/sites\/17\/2024\/10\/TAPA2-1-300x169.jpg 300w, https:\/\/medialabpatagonia.org\/sehacecamino\/wp-content\/uploads\/sites\/17\/2024\/10\/TAPA2-1-768x432.jpg 768w, https:\/\/medialabpatagonia.org\/sehacecamino\/wp-content\/uploads\/sites\/17\/2024\/10\/TAPA2-1-1536x864.jpg 1536w, https:\/\/medialabpatagonia.org\/sehacecamino\/wp-content\/uploads\/sites\/17\/2024\/10\/TAPA2-1-500x281.jpg 500w, https:\/\/medialabpatagonia.org\/sehacecamino\/wp-content\/uploads\/sites\/17\/2024\/10\/TAPA2-1-800x450.jpg 800w, https:\/\/medialabpatagonia.org\/sehacecamino\/wp-content\/uploads\/sites\/17\/2024\/10\/TAPA2-1-1280x720.jpg 1280w, https:\/\/medialabpatagonia.org\/sehacecamino\/wp-content\/uploads\/sites\/17\/2024\/10\/TAPA2-1.jpg 1920w\" sizes=\"auto, (max-width: 1024px) 100vw, 1024px\" \/><\/figure>\n\n\n\n<p>El paso por la universidad marca la vida de muchas personas. Lugar de estudio, de amigos y militancias. De acuerdos y desacuerdos. De momentos felices, angustias, cursados y finales. Cada quien vivi\u00f3 la experiencia a su manera, pero todos coinciden en que hay un antes y un despu\u00e9s de emprender este camino.<\/p>\n\n\n\n<p>Esta producci\u00f3n de tercer a\u00f1o de Periodismo tiene como objetivo conocer c\u00f3mo su paso por la carrera de Comunicaci\u00f3n Social le cambi\u00f3 la vida a estudiantes, ex-estudiantes y graduados. Qu\u00e9 se modific\u00f3 en sus modos de ver el mundo; qu\u00e9 atesoran como positivo y cu\u00e1les son los recuerdos mas amargos. <\/p>\n\n\n\n<p>Muchos de ellos vienen de hogares humildes de la regi\u00f3n. Son, en general, primera generaci\u00f3n de estudiantes universitarios, y haber cursado varios a\u00f1os o finalizado la carrera es un orgullo incomparable. Todos, sin excepci\u00f3n, hicieron grandes esfuerzos por estudiar. <\/p>\n\n\n\n<p>Los testimonios fueron elegidos al azar, a partir de la memoria de docentes y compa\u00f1eros. Hay quienes se fueron hace muchos a\u00f1os, y otros hace poco tiempo y varios siguen cursando. Hay algo que une estas historias: pasar por ac\u00e1, les cambi\u00f3 la vida.<\/p>\n\n\n\n<p><\/p>\n","protected":false},"excerpt":{"rendered":"<p>El paso por la universidad marca la vida de muchas personas. Lugar de estudio, de amigos y militancias. De acuerdos y desacuerdos. De momentos felices, angustias, cursados y finales. Cada quien vivi\u00f3 la experiencia a su manera, pero todos coinciden en que hay un antes y un despu\u00e9s de emprender este camino. Esta producci\u00f3n de [&hellip;]<\/p>\n","protected":false},"author":3,"featured_media":0,"comment_status":"open","ping_status":"open","sticky":false,"template":"","format":"standard","meta":{"_exactmetrics_skip_tracking":false,"_exactmetrics_sitenote_active":false,"_exactmetrics_sitenote_note":"","_exactmetrics_sitenote_category":0,"footnotes":""},"categories":[1],"tags":[15,12,13,7,10,11,14,6,9,8],"class_list":["post-7","post","type-post","status-publish","format-standard","hentry","category-sin-categoria","tag-50com","tag-comunicacion","tag-comunicacion-social","tag-estudiantes","tag-fadecs","tag-periodismo","tag-profesorado","tag-se-hace-camino","tag-uncoma","tag-universidad"],"jetpack_featured_media_url":"","_links":{"self":[{"href":"https:\/\/medialabpatagonia.org\/sehacecamino\/wp-json\/wp\/v2\/posts\/7","targetHints":{"allow":["GET"]}}],"collection":[{"href":"https:\/\/medialabpatagonia.org\/sehacecamino\/wp-json\/wp\/v2\/posts"}],"about":[{"href":"https:\/\/medialabpatagonia.org\/sehacecamino\/wp-json\/wp\/v2\/types\/post"}],"author":[{"embeddable":true,"href":"https:\/\/medialabpatagonia.org\/sehacecamino\/wp-json\/wp\/v2\/users\/3"}],"replies":[{"embeddable":true,"href":"https:\/\/medialabpatagonia.org\/sehacecamino\/wp-json\/wp\/v2\/comments?post=7"}],"version-history":[{"count":8,"href":"https:\/\/medialabpatagonia.org\/sehacecamino\/wp-json\/wp\/v2\/posts\/7\/revisions"}],"predecessor-version":[{"id":150,"href":"https:\/\/medialabpatagonia.org\/sehacecamino\/wp-json\/wp\/v2\/posts\/7\/revisions\/150"}],"wp:attachment":[{"href":"https:\/\/medialabpatagonia.org\/sehacecamino\/wp-json\/wp\/v2\/media?parent=7"}],"wp:term":[{"taxonomy":"category","embeddable":true,"href":"https:\/\/medialabpatagonia.org\/sehacecamino\/wp-json\/wp\/v2\/categories?post=7"},{"taxonomy":"post_tag","embeddable":true,"href":"https:\/\/medialabpatagonia.org\/sehacecamino\/wp-json\/wp\/v2\/tags?post=7"}],"curies":[{"name":"wp","href":"https:\/\/api.w.org\/{rel}","templated":true}]}}