{"id":60,"date":"2024-10-22T16:29:53","date_gmt":"2024-10-22T14:29:53","guid":{"rendered":"https:\/\/medialabpatagonia.org\/sehacecamino\/?p=60"},"modified":"2024-10-24T00:35:25","modified_gmt":"2024-10-23T22:35:25","slug":"sara-mansilla-comunicacion-social-me-abrio-la-cabeza","status":"publish","type":"post","link":"https:\/\/medialabpatagonia.org\/sehacecamino\/2024\/10\/22\/sara-mansilla-comunicacion-social-me-abrio-la-cabeza\/","title":{"rendered":"Sara Mansilla: \u201cComunicaci\u00f3n Social me abri\u00f3 la cabeza\u201d"},"content":{"rendered":"<p><span style=\"font-weight: 400;\">Por Irina Cicchitti.<\/span><\/p>\n<p><span style=\"font-weight: 400;\">A los 60 a\u00f1os, Sara Mansilla decidi\u00f3 que nunca era tarde para seguir aprendiendo, por eso decidi\u00f3 estudiar Comunicaci\u00f3n Social. Con la voz cargada por la nostalgia y el cari\u00f1o, cuenta: \u201cMe dej\u00f3 aprendizajes. Como todo, me deja marcas que son en realidad parte de mi identidad. No fui la misma antes y despu\u00e9s\u201d.<\/span><\/p>\n<p><span style=\"font-weight: 400;\">Fue la primera en su familia en ir a la universidad. Su mam\u00e1, analfabeta, aprendi\u00f3 a escribir junto con ella en primer grado. Su pap\u00e1 apenas hab\u00eda alcanzado tercero de primaria. Sin embargo, el deseo de estudiar siempre estuvo presente, impulsado por ellos. \u201cTengo como una sobredosis de estudio\u201d, dice riendo.<\/span><\/p>\n<p><span style=\"font-weight: 400;\">Cuando se gradu\u00f3 del secundario en 1964, en Neuqu\u00e9n no hab\u00eda universidad, y los recursos familiares no alcanzaban para que viajara a La Plata. Al a\u00f1o siguiente cuando ella ten\u00eda 19 se fund\u00f3 La Universidad de Neuqu\u00e9n, \u201cYo me quer\u00eda morir. Me acuerdo que esa tarde le dije a mi viejo con mucha felicidad \u201cViejo, ma\u00f1ana se abre una universidad, \u00bfviste?\u00bb. All\u00ed se abrieron las carreras de profesor de Historia, de Geograf\u00eda, de Literatura, las Ingenier\u00edas y Sara pudo comenzar a estudiar la carrera que entonces se llamaba Servicio Social. Logr\u00f3 recibirse en 1968.\u00a0<\/span><\/p>\n<p><span style=\"font-weight: 400;\">Sigui\u00f3 buscando su camino y m\u00e1s lugares para formarse. Luego de jubilarse como docente empez\u00f3 a pensar en Comunicaci\u00f3n Social. \u201cEra un tiempo en que hab\u00edamos salido de la dictadura, pero tambi\u00e9n est\u00e1bamos construyendo otros modelos sociales\u201d, relata Sara.\u00a0<\/span><\/p>\n<p><span style=\"font-weight: 400;\">Su compromiso con los Derechos Humanos la llev\u00f3 a involucrarse en la Asamblea Permanente por los Derechos Humanos (APDH) de Neuqu\u00e9n desde 1976, a\u00f1o en que se fund\u00f3 tras el golpe de Estado en Argentina.\u00a0<\/span><\/p>\n<p><span style=\"font-weight: 400;\">En los 90, cuando se iniciaba el fen\u00f3meno de las \u00abFake News\u00bb, Sara sinti\u00f3 curiosidad por c\u00f3mo la comunicaci\u00f3n estaba cambiando el mundo \u201cEra un momento que sal\u00edamos de la m\u00e1quina de escribir de Remington, a la inform\u00e1tica. A m\u00ed me cost\u00f3 una barbaridad porque eso implicaba un paso muy importante en la ciencia y en la conciencia. De escuchar una noticia en la radio y enterarte a las 24\/48 hs de algo, con la tecnolog\u00eda, a los 15 minutos sab\u00edas que hab\u00eda habido un terremoto en tal lugar\u201d.\u00a0<\/span><\/p>\n<p><span style=\"font-weight: 400;\">En 1999 comenz\u00f3 Comunicaci\u00f3n Social y sigui\u00f3 la orientaci\u00f3n de periodismo escrito. La carrera le cambi\u00f3 totalmente la visi\u00f3n de la comunicaci\u00f3n \u201cNo s\u00e9 si yo hubiera podido comprender esos fen\u00f3menos, a lo mejor s\u00ed, porque tengo una vida muy vinculada a lo p\u00fablico, a la militancia social, pol\u00edtica, y gremial, entonces a lo mejor hubiera hecho el proceso de comprensi\u00f3n, pero indudablemente que me facilit\u00f3 la vida porque me abri\u00f3 la cabeza\u201d confiesa.<\/span><\/p>\n<p><span style=\"font-weight: 400;\">Al principio solo asist\u00eda como oyente, buscando conocimientos que le permitieran entender los cambios sociales. Sin embargo, las amistades que fue formando la motivaron a ir m\u00e1s all\u00e1 y rendir las materias . As\u00ed comenz\u00f3 por segunda vez su trayectoria en la universidad. No todo fue f\u00e1cil, pero incluso los momentos de disgusto y de dolor le dejaron ense\u00f1anzas \u201cSon contribuciones, las llamo yo. Los fracasos me ayudaron a vencer el individualismo, a mostrar que uno no es impune. Todo me sirvi\u00f3\u201d.\u00a0<\/span><\/p>\n<p><span style=\"font-weight: 400;\">Si bien hubo cosas que no le gustaron, en esa segunda etapa universitaria, decidi\u00f3 dar un paso al costado en las luchas estudiantiles. Para ella eran los j\u00f3venes los que deb\u00edan hacer una interpretaci\u00f3n y avanzar en el reclamo de derechos, de mejoras en las carreras, en todo. \u201cEllos lo hac\u00edan con sus m\u00e9todos y con sus avances. No me hubiera parecido que yo, una mujer de casi 60 ocupara ese rol. Al contrario, yo fui a aprender.\u201d\u00a0<\/span><\/p>\n<p><span style=\"font-weight: 400;\">Sara recuerda esa \u00e9poca con un brillo en los ojos. Para ella su paso por Comunicaci\u00f3n Social signific\u00f3 una etapa de felicidad. \u201cYo fui tan feliz de tener contacto, charlas, mateadas, los invitaba a casa, hac\u00edamos trabajos en conjunto, producciones. Una felicidad que es un regalo de la vida\u201d dice con anhelo.\u00a0<\/span><\/p>\n<p><span style=\"font-weight: 400;\">De esa etapa, uno de los v\u00ednculos m\u00e1s especiales fue con Fabi\u00e1n Bergero, su profesor y compa\u00f1ero en el Diario 8300. Tambi\u00e9n recuerda con cari\u00f1o a su profesor de Investigaci\u00f3n que la ayud\u00f3 a escribir sobre seis mujeres desaparecidas en la dictadura. \u201cYo estaba justo con todo el tema de Derechos Humanos, investigando a los desaparecidos y luchando para que se reabran los juicios. Me gui\u00f3 en los m\u00e9todos, en las formas y lo logr\u00e9 con \u00e9l\u201d.<\/span><\/p>\n<p><span style=\"font-weight: 400;\">Hasta hoy, sus compa\u00f1eros la llevan en la memoria. \u201cA veces me cruzo con j\u00f3venes que me dicen &#8216;\u00a1Yo estudi\u00e9 con vos!\u2019. Me muero de risa, pero tambi\u00e9n me llena de ternura. Es una caricia al alma\u201d, cuenta, emocionada.<\/span><\/p>\n<p><span style=\"font-weight: 400;\">Para Sara, la universidad no solo fue un espacio de conocimiento, sino un refugio sanador. \u201c\u00bfQu\u00e9 m\u00e1s sanador que estar rodeada de j\u00f3venes que opinan con libertad?\u201d, se pregunta. Para ella muchas personas mayores se refugian en la nostalgia por temor al futuro, pero la universidad le dio una mirada distinta \u201cTe cachetea, te golpea, pero tambi\u00e9n te ayuda. Te recuerda que siempre hay un presente esperanzador. Y hoy, m\u00e1s que nunca, lo hay\u201d.<\/span><\/p>\n","protected":false},"excerpt":{"rendered":"<p>Por Irina Cicchitti. A los 60 a\u00f1os, Sara Mansilla decidi\u00f3 que nunca era tarde para seguir aprendiendo, por eso decidi\u00f3 estudiar Comunicaci\u00f3n Social. Con la voz cargada por la nostalgia y el cari\u00f1o, cuenta: \u201cMe dej\u00f3 aprendizajes. Como todo, me deja marcas que son en realidad parte de mi identidad. No fui la misma antes [&hellip;]<\/p>\n","protected":false},"author":49,"featured_media":61,"comment_status":"open","ping_status":"open","sticky":false,"template":"","format":"standard","meta":{"_exactmetrics_skip_tracking":false,"_exactmetrics_sitenote_active":false,"_exactmetrics_sitenote_note":"","_exactmetrics_sitenote_category":0,"footnotes":""},"categories":[1],"tags":[15,51,45,35,50,53,52,34,41,33,43,12,10,16],"class_list":["post-60","post","type-post","status-publish","format-standard","has-post-thumbnail","hentry","category-sin-categoria","tag-50com","tag-apdh","tag-argentina","tag-comunicacionsocial","tag-derechoshumanos","tag-neuquen","tag-saramansilla","tag-sehacecamino","tag-social","tag-soycom","tag-universidadpublica","tag-comunicacion","tag-fadecs","tag-unco"],"jetpack_featured_media_url":"https:\/\/medialabpatagonia.org\/sehacecamino\/wp-content\/uploads\/sites\/17\/2024\/10\/Sara-Mansilla-scaled.jpg","_links":{"self":[{"href":"https:\/\/medialabpatagonia.org\/sehacecamino\/wp-json\/wp\/v2\/posts\/60","targetHints":{"allow":["GET"]}}],"collection":[{"href":"https:\/\/medialabpatagonia.org\/sehacecamino\/wp-json\/wp\/v2\/posts"}],"about":[{"href":"https:\/\/medialabpatagonia.org\/sehacecamino\/wp-json\/wp\/v2\/types\/post"}],"author":[{"embeddable":true,"href":"https:\/\/medialabpatagonia.org\/sehacecamino\/wp-json\/wp\/v2\/users\/49"}],"replies":[{"embeddable":true,"href":"https:\/\/medialabpatagonia.org\/sehacecamino\/wp-json\/wp\/v2\/comments?post=60"}],"version-history":[{"count":3,"href":"https:\/\/medialabpatagonia.org\/sehacecamino\/wp-json\/wp\/v2\/posts\/60\/revisions"}],"predecessor-version":[{"id":287,"href":"https:\/\/medialabpatagonia.org\/sehacecamino\/wp-json\/wp\/v2\/posts\/60\/revisions\/287"}],"wp:featuredmedia":[{"embeddable":true,"href":"https:\/\/medialabpatagonia.org\/sehacecamino\/wp-json\/wp\/v2\/media\/61"}],"wp:attachment":[{"href":"https:\/\/medialabpatagonia.org\/sehacecamino\/wp-json\/wp\/v2\/media?parent=60"}],"wp:term":[{"taxonomy":"category","embeddable":true,"href":"https:\/\/medialabpatagonia.org\/sehacecamino\/wp-json\/wp\/v2\/categories?post=60"},{"taxonomy":"post_tag","embeddable":true,"href":"https:\/\/medialabpatagonia.org\/sehacecamino\/wp-json\/wp\/v2\/tags?post=60"}],"curies":[{"name":"wp","href":"https:\/\/api.w.org\/{rel}","templated":true}]}}