{"id":56,"date":"2024-10-22T16:19:18","date_gmt":"2024-10-22T14:19:18","guid":{"rendered":"https:\/\/medialabpatagonia.org\/sehacecamino\/?p=56"},"modified":"2024-10-24T00:35:31","modified_gmt":"2024-10-23T22:35:31","slug":"rodrigo-sandoval-la-comunicacion-como-un-sosten-y-una-pasion","status":"publish","type":"post","link":"https:\/\/medialabpatagonia.org\/sehacecamino\/2024\/10\/22\/rodrigo-sandoval-la-comunicacion-como-un-sosten-y-una-pasion\/","title":{"rendered":"Rodrigo Sandoval: La Comunicaci\u00f3n como un sost\u00e9n y una pasi\u00f3n"},"content":{"rendered":"<p><span style=\"font-weight: 400;\">Por: Joaqu\u00edn Camacho<\/span><\/p>\n<p><span style=\"font-weight: 400;\">\u201cYo llegu\u00e9 un poco llevado por el desconocimiento, porque iba a estudiar otra cosa\u201d, comenta con una sonrisa Rodrigo Sandoval, estudiante de la Licenciatura en Comunicaci\u00f3n Social con orientaci\u00f3n en Periodismo. \u201cEmpec\u00e9 en 2015, con altibajos, pero desde ah\u00ed fue un camino que, con el tiempo, se fue afianzando m\u00e1s en m\u00ed\u201d, relata.<\/span><\/p>\n<p><span style=\"font-weight: 400;\">Durante su \u00faltimo a\u00f1o de secundario, mientras estaba enfocado en Ciencias Naturales y considerando la posibilidad de estudiar Medicina, surgi\u00f3 una oportunidad que cambiar\u00eda su futuro. Una profesora insisti\u00f3 en que \u00e9l y un compa\u00f1ero participaran en las Olimp\u00edadas Universitarias en Neuqu\u00e9n, un evento que inclu\u00eda charlas de orientaci\u00f3n vocacional. Fue all\u00ed donde se enter\u00f3 de que exist\u00eda la carrera de Comunicaci\u00f3n Social, que se ofrec\u00eda en su ciudad, General Roca.\u00a0<\/span><\/p>\n<p><span style=\"font-weight: 400;\">\u201cEn ese momento, pens\u00e9: \u2018Voy a probar\u2019. No ten\u00eda que viajar, as\u00ed que no implicaba un gasto excesivo. Ten\u00eda el apoyo de mis amigos, mi veh\u00edculo, mi vida cotidiana no cambiar\u00eda demasiado\u201d. Con esta decisi\u00f3n, comenz\u00f3 una nueva aventura en un terreno completamente diferente: la Comunicaci\u00f3n.<\/span><\/p>\n<p><span style=\"font-weight: 400;\">El salto del secundario a la universidad siempre es un reto, pero en su caso, fue especialmente dif\u00edcil. El miedo a no haber elegido correctamente su carrera lo acompa\u00f1\u00f3 durante todo el primer a\u00f1o. \u201cNo sab\u00eda si lo que iba a estudiar me iba a gustar, si iba a sentirme satisfecho. Fue una prueba de riesgo, como creo que nos pasa a todos en alg\u00fan momento, ese miedo de que lo que estamos estudiando puede no ser lo nuestro. Pero si no lo intentamos, no lo sabemos\u201d, reflexiona.<\/span><\/p>\n<p><span style=\"font-weight: 400;\">A pesar de esas dudas iniciales, decidi\u00f3 seguir adelante. \u201cEl primer a\u00f1o fue dif\u00edcil. Las materias m\u00e1s te\u00f3ricas, las troncales, no me gustaban, pero soy de esas personas que, si algo no me gusta, le pongo m\u00e1s empe\u00f1o, porque si no, se vuelve el doble de esfuerzo\u201d. Adaptarse al ritmo acad\u00e9mico fue un reto, especialmente porque las exigencias eran altas desde el inicio. Sin embargo, decidi\u00f3 seguir adelante. \u201cSi sobreviv\u00eds al primer a\u00f1o, segu\u00eds en la carrera\u201d, dice con humor, recordando los d\u00edas de esfuerzo.<\/span><\/p>\n<p><span style=\"font-weight: 400;\">A los desaf\u00edos acad\u00e9micos, se sumaron tambi\u00e9n situaciones personales dif\u00edciles. \u201cJusto en segundo a\u00f1o, perd\u00ed a mi mam\u00e1. Fue un punto en el que, si no me agarraba de la carrera, no ten\u00eda otra cosa para salir adelante. Fue uno de esos momentos de mierda que todos atravesamos alguna vez con la p\u00e9rdida de alguien importante\u201d, comparte con sinceridad.<\/span><\/p>\n<p><span style=\"font-weight: 400;\">A pesar del dolor, encontr\u00f3 en sus estudios una manera de mantenerse enfocado y no caer. \u201cLa carrera me dio m\u00e1s fuerzas. En 2017, que fue mi tercer a\u00f1o, retom\u00e9 materias, avanc\u00e9 en otras, y fue un cambio completo. Met\u00ed 10 materias, algunas de segundo, otras de cuarto a\u00f1o. Fue mucho trabajo, pero me sent\u00ed orgulloso de haberlo logrado\u201d, explica.\u00a0<\/span><\/p>\n<p><span style=\"font-weight: 400;\">Hoy, Rodrigo divide su tiempo entre su trabajo en la redacci\u00f3n del diario R\u00edo Negro y su rol como coordinador de la Diplomatura en Periodismo de Cultura y Espect\u00e1culo, que ofrece la UNCO. \u201cSiempre estuve ligado al \u00e1mbito acad\u00e9mico. Pienso que la docencia abre puertas que vale la pena explorar\u201d, comenta. Aunque equilibrar el trabajo con los estudios es una tarea ardua, ha logrado encontrar un ritmo que le permite continuar su carrera. \u201cEs complicado porque nunca entr\u00e1s en un ritmo real. Cambi\u00e1s de chip constantemente entre el trabajo, la universidad y las ayudant\u00edas\u201d, explica. A pesar de las dificultades, tiene claro que el t\u00edtulo sigue siendo un objetivo importante. \u201cEs lo que formaliza todo tu recorrido y hace que todo valga la pena\u201d.\u00a0<\/span><\/p>\n<p><span style=\"font-weight: 400;\">Ha aprendido a manejar las exigencias del d\u00eda a d\u00eda, encontrando espacios para avanzar en su carrera sin dejar de lado sus responsabilidades laborales. \u201cEl trabajo en la redacci\u00f3n del diario es intenso, pero siempre encuentro un momento para estudiar o avanzar en las materias. Me resulta clave tener un balance, aunque a veces sea complicado\u201d, a\u00f1ade, refiri\u00e9ndose a la dificultad de compaginar las m\u00faltiples responsabilidades que tiene.<\/span><\/p>\n<p><span style=\"font-weight: 400;\">A lo largo de su trayectoria, Rodrigo ha reflexionado sobre el sistema educativo y el plan de estudios de la carrera de Comunicaci\u00f3n. \u201cEstamos con un plan de estudios de 2003, y muchas cosas cambiaron desde entonces\u201d, se\u00f1ala. Para \u00e9l, la creaci\u00f3n de un t\u00edtulo intermedio o t\u00e9cnico podr\u00eda ser una soluci\u00f3n para aquellos estudiantes que, como \u00e9l, encuentran oportunidades laborales antes de completar su carrera. \u201cCreo que necesitamos un plan que se adapte mejor a las necesidades actuales. Hay compa\u00f1eros que encuentran trabajo antes de recibirse y luego les cuesta retomar. Un t\u00edtulo intermedio podr\u00eda ayudar a formalizar esos logros\u201d.<\/span><\/p>\n<p><span style=\"font-weight: 400;\">Tambi\u00e9n destaca la importancia de la actualizaci\u00f3n en los contenidos que se ense\u00f1an en la carrera. \u201cMuchos profesores se esfuerzan por mantener sus clases al d\u00eda, pero el sistema no siempre est\u00e1 alineado con las demandas del mercado laboral. La tecnolog\u00eda y el periodismo han cambiado mucho en los \u00faltimos a\u00f1os, y necesitamos estar preparados para esos cambios\u201d.<\/span><\/p>\n<p><span style=\"font-weight: 400;\">A pesar de las cr\u00edticas, reconoce el valor de las experiencias vividas y el crecimiento personal que le ha dado la universidad, \u201cla facultad te da m\u00e1s que solo conocimientos te\u00f3ricos. Te ayuda a crecer, a aprender a trabajar en equipo, a enfrentar desaf\u00edos. Es un lugar donde te form\u00e1s como persona\u201d.<\/span><\/p>\n<p><span style=\"font-weight: 400;\">Con paciencia, perseverancia y camarader\u00eda, Rodrigo ha logrado no solo avanzar en su carrera, sino tambi\u00e9n apoyar a sus compa\u00f1eros en el camino. \u201cNo hay facultad que se transite solo. Los compa\u00f1eros que est\u00e1n a tu lado son fundamentales, te ayudan a seguir adelante en los momentos dif\u00edciles\u201d, afirma. En su experiencia, el trabajo en grupo y el apoyo mutuo han sido claves para superar los desaf\u00edos que presenta la carrera de Comunicaci\u00f3n.<\/span><\/p>\n<p><span style=\"font-weight: 400;\">As\u00ed, Rodrigo Sandoval contin\u00faa su camino en la Comunicaci\u00f3n, siempre con la convicci\u00f3n de que cada paso, cada desaf\u00edo y cada logro forman parte de una trayectoria que le permitir\u00e1 crecer tanto a nivel profesional como personal.<\/span><\/p>\n","protected":false},"excerpt":{"rendered":"<p>Por: Joaqu\u00edn Camacho \u201cYo llegu\u00e9 un poco llevado por el desconocimiento, porque iba a estudiar otra cosa\u201d, comenta con una sonrisa Rodrigo Sandoval, estudiante de la Licenciatura en Comunicaci\u00f3n Social con orientaci\u00f3n en Periodismo. \u201cEmpec\u00e9 en 2015, con altibajos, pero desde ah\u00ed fue un camino que, con el tiempo, se fue afianzando m\u00e1s en m\u00ed\u201d, [&hellip;]<\/p>\n","protected":false},"author":49,"featured_media":57,"comment_status":"open","ping_status":"open","sticky":false,"template":"","format":"standard","meta":{"_exactmetrics_skip_tracking":false,"_exactmetrics_sitenote_active":false,"_exactmetrics_sitenote_note":"","_exactmetrics_sitenote_category":0,"footnotes":""},"categories":[1],"tags":[15,35,49,48,40,39,34,41,33,44,43,12,10,11,8],"class_list":["post-56","post","type-post","status-publish","format-standard","has-post-thumbnail","hentry","category-sin-categoria","tag-50com","tag-comunicacionsocial","tag-cursando","tag-estudiante","tag-fiskemenuco","tag-generalroca","tag-sehacecamino","tag-social","tag-soycom","tag-trabajadores","tag-universidadpublica","tag-comunicacion","tag-fadecs","tag-periodismo","tag-universidad"],"jetpack_featured_media_url":"https:\/\/medialabpatagonia.org\/sehacecamino\/wp-content\/uploads\/sites\/17\/2024\/10\/rodrigo.png","_links":{"self":[{"href":"https:\/\/medialabpatagonia.org\/sehacecamino\/wp-json\/wp\/v2\/posts\/56","targetHints":{"allow":["GET"]}}],"collection":[{"href":"https:\/\/medialabpatagonia.org\/sehacecamino\/wp-json\/wp\/v2\/posts"}],"about":[{"href":"https:\/\/medialabpatagonia.org\/sehacecamino\/wp-json\/wp\/v2\/types\/post"}],"author":[{"embeddable":true,"href":"https:\/\/medialabpatagonia.org\/sehacecamino\/wp-json\/wp\/v2\/users\/49"}],"replies":[{"embeddable":true,"href":"https:\/\/medialabpatagonia.org\/sehacecamino\/wp-json\/wp\/v2\/comments?post=56"}],"version-history":[{"count":3,"href":"https:\/\/medialabpatagonia.org\/sehacecamino\/wp-json\/wp\/v2\/posts\/56\/revisions"}],"predecessor-version":[{"id":288,"href":"https:\/\/medialabpatagonia.org\/sehacecamino\/wp-json\/wp\/v2\/posts\/56\/revisions\/288"}],"wp:featuredmedia":[{"embeddable":true,"href":"https:\/\/medialabpatagonia.org\/sehacecamino\/wp-json\/wp\/v2\/media\/57"}],"wp:attachment":[{"href":"https:\/\/medialabpatagonia.org\/sehacecamino\/wp-json\/wp\/v2\/media?parent=56"}],"wp:term":[{"taxonomy":"category","embeddable":true,"href":"https:\/\/medialabpatagonia.org\/sehacecamino\/wp-json\/wp\/v2\/categories?post=56"},{"taxonomy":"post_tag","embeddable":true,"href":"https:\/\/medialabpatagonia.org\/sehacecamino\/wp-json\/wp\/v2\/tags?post=56"}],"curies":[{"name":"wp","href":"https:\/\/api.w.org\/{rel}","templated":true}]}}