{"id":41,"date":"2024-10-22T01:01:35","date_gmt":"2024-10-21T23:01:35","guid":{"rendered":"https:\/\/medialabpatagonia.org\/sehacecamino\/?p=41"},"modified":"2024-10-23T15:19:55","modified_gmt":"2024-10-23T13:19:55","slug":"la-vida-politica-de-la-universidad-me-abrio-la-cabeza-y-formo-a-quien-soy-hoy","status":"publish","type":"post","link":"https:\/\/medialabpatagonia.org\/sehacecamino\/2024\/10\/22\/la-vida-politica-de-la-universidad-me-abrio-la-cabeza-y-formo-a-quien-soy-hoy\/","title":{"rendered":"Florencia Bark: \u201cLa vida pol\u00edtica de la universidad me abri\u00f3 la cabeza y form\u00f3 a qui\u00e9n soy hoy\u201d"},"content":{"rendered":"<p><span style=\"font-weight: 400\">Por Ariela Pietrantuono<\/span><\/p>\n<p>&nbsp;<\/p>\n<p><span style=\"font-weight: 400\">Desde antes de ingresar a la carrera de Comunicaci\u00f3n Social, Florencia Bark participaba de distintas agrupaciones y la mov\u00eda el esp\u00edritu colectivo. Sin embargo, \u201cla impronta propia de la Facultad de Derecho y Ciencias Sociales, siempre muy politizada en el buen sentido, con m\u00faltiples voces y mucha democracia\u201d profundizaron su identidad militante desde el primer momento.<\/span><\/p>\n<p><span style=\"font-weight: 400\">\u201cApenas ingres\u00e9 me insert\u00e9 en la vida pol\u00edtica de la universidad y eso es lo que me abri\u00f3 la cabeza, lo que form\u00f3 qui\u00e9n soy hoy\u201d enfatiz\u00f3 sobre c\u00f3mo influy\u00f3 en ella su paso por la Unco. La periodista record\u00f3 c\u00f3mo ya desde comienzos de su \u00e9poca universitaria le interesaba participar de los distintos encuentros pol\u00edticos y asambleas, tanto dentro como fuera de la Fadecs. \u201cTen\u00eda un inter\u00e9s sobre la realidad y ah\u00ed fue cuando me d\u00ed cuenta que me gustaba militar. Una vez cuando estaba en segundo a\u00f1o particip\u00e9 de una reuni\u00f3n en el Facubar que dur\u00f3 cuatro horas y pens\u00e9 \u2018bueno, se ve que me gusta\u2019\u201d cont\u00f3 entre risas. En contra de la creencia de que la militancia te hace perder el tiempo, Florencia siempre sostuvo que esta te hace ganar tiempo porque desde lo individual te forma y te da herramientas que muchas veces no se ense\u00f1an en las casas de altos estudios. \u201cTe ayuda a ver y conocer otros entornos. Nosotros como profesionales intervenimos en la sociedad y a esa sociedad hay que conocerla, no podemos meter una receta de c\u00f3mo hacer una entrevista o una noticia si no conocemos qu\u00e9 pasa\u201d puntualiz\u00f3.\u00a0<\/span><\/p>\n<p><span style=\"font-weight: 400\">Adem\u00e1s de militar dentro y fuera del \u00e1mbito universitario, Florencia form\u00f3 parte de la corriente estudiantil CEPA,\u00a0 estuvo en Centro de Estudiantes e integr\u00f3 el grupo que \u00a0 hac\u00eda el programa radial \u201cLa Viruta\u201d en radio Antena Libre, en cada grupo permanentemente motivada por el trabajo colectivo. Sobre eso agreg\u00f3: \u201csiempre tuve en claro que iba a la facultad para estudiar pero tambi\u00e9n entend\u00eda que nadie se salva solo ni hoy, ni ayer, ni nunca\u201d. Antes de empezar la universidad, estuvo en un grupo juvenil de la Iglesia cat\u00f3lica que misionaba al interior de la provincia de Neuqu\u00e9n para ayudar a los pobladores. Ese esp\u00edritu social y solidario se vi\u00f3 reforzado por el\u00a0 car\u00e1cter comunitario de la Comunicaci\u00f3n: \u201cEs una carrera que se maneja mucho en comunidad. Ten\u00e9s a tus compa\u00f1eros que son tus pares y los profesores de alguna forma tambi\u00e9n. Hay una cercan\u00eda grande y en una carrera as\u00ed se necesita de eso\u201d.\u00a0<\/span><\/p>\n<p><span style=\"font-weight: 400\">Destac\u00f3 que durante la carrera constantemente se desarrollaban iniciativas creativas: \u201csiempre hab\u00eda un proyecto para hacer, as\u00ed sea un programa o una revista. Siempre hab\u00eda una propuesta desde las materias para llevar a la pr\u00e1ctica lo que estudiabamos\u201d. Remarc\u00f3 la necesidad de \u201cdarle una vuelta de rosca al plan de estudios para que salgamos con m\u00e1s herramientas\u201d cuando explic\u00f3 que la planificaci\u00f3n de la carrera est\u00e1 muy poco enfocada en la realidad pr\u00e1ctica de la Comunicaci\u00f3n y que no se ajusta a las necesidades laborales de la actualidad. \u201cObviamente la carrera no puede actualizarse a\u00f1o por a\u00f1o, pero s\u00ed pueden revisarse ciertas cuestiones que sirvan y nutran al desarrollo de la regi\u00f3n\u201d manifest\u00f3.<\/span><\/p>\n<p>&nbsp;<\/p>\n<p><b>\u201cEsos son los comunicadores que para m\u00ed valen, marcan y dejan huellas\u201d.<\/b><span style=\"font-weight: 400\">\u00a0<\/span><\/p>\n<p><span style=\"font-weight: 400\">Florencia reflexion\u00f3 sobre las personas que m\u00e1s la marcaron en su paso por la facultad y habl\u00f3 sobre dos periodistas, dos estudiantes, que fueron para ella un ejemplo a seguir. \u201cSebast\u00edan Curinao me marc\u00f3 por su iniciativa, su impronta de siempre estar proyectando. Era un adelantado que hablaba de <\/span><i><span style=\"font-weight: 400\">streaming<\/span><\/i><span style=\"font-weight: 400\"> cuando nadie conoc\u00eda que era. Era un periodista muy importante de la regi\u00f3n y era un amigo personal, una eminencia para m\u00ed y para muchos\u201d rememor\u00f3 con nostalgia. Sebasti\u00e1n fue un periodista que trabaj\u00f3 junto a ella en La Viruta y que falleci\u00f3 durante la pandemia por Covid19. Ella lo recuerda como su mayor mentor: \u201cMe ense\u00f1\u00f3 a confiar en m\u00ed cuando ten\u00eda que hacer los programas de radio y me era dif\u00edcil. Nos brind\u00f3 herramientas a todos y adem\u00e1s era un par\u201d.<\/span><\/p>\n<p><span style=\"font-weight: 400\">Otra persona que signific\u00f3 mucho para la comunicadora por su participaci\u00f3n en distintos \u00e1mbitos de la ciudad, desde un partido de f\u00fatbol hasta una olla popular, fue Juan Caliani: \u201cJuan fue un pibe que recib\u00ed cuando empez\u00f3 a estudiar ac\u00e1 varios a\u00f1os despu\u00e9s de cuando yo hab\u00eda ingresado. Ya lo conoc\u00eda porque est\u00e1bamos vinculados por la militancia en Neuqu\u00e9n y cuando empez\u00f3 la carrera lo esper\u00e9 el primer d\u00eda para mostrarle la facultad. Ese d\u00eda lo tengo grabado a fuego en la memoria porque \u00e9l ven\u00eda con su mochila cargada de sue\u00f1os, de anhelos, de cosas que quer\u00eda ser y que al final fue\u201d. Para ella, los comunicadores que ayudan a las personas en distintas situaciones de la vida cotidiana dejan una impronta mucho m\u00e1s profunda que aquellos que, en sus palabras, se saben todas las letras del abecedario. \u201cFueron amigos, compa\u00f1eros y amplificaron todo lo que ten\u00edan para dar, fueron personas sumamente grosas\u201d asegur\u00f3 sobre Sebast\u00edan y Juan.<\/span><\/p>\n<p><span style=\"font-weight: 400\">Florencia habl\u00f3 sobre lo que represent\u00f3 la carrera en su vida y c\u00f3mo la sigue viviendo al d\u00eda de hoy. \u201cYo creo que mi carrera fue de descubrimientos, pasiones, una aventura de creatividad que te hace conocer mucha gente. Estas siempre en di\u00e1logo, conociendo o ayudando a alguien. Y fue construir porque nada viene dado y con nuestro trabajo aportamos mucho a la comunidad. En ese sentido tambi\u00e9n es una aventura, cada uno va poniendo ladrillos con sus notas y con lo que transmite que genera un impacto. As\u00ed la viv\u00ed yo hasta ahora y se sigue construyendo, esto no se termina porque intervenimos en la realidad y esta cambia, los medios cambian, las voces cambian y nosotros tenemos que estar ah\u00ed para transmitirlo\u201d concluy\u00f3.<\/span><\/p>\n","protected":false},"excerpt":{"rendered":"<p>Por Ariela Pietrantuono &nbsp; Desde antes de ingresar a la carrera de Comunicaci\u00f3n Social, Florencia Bark participaba de distintas agrupaciones y la mov\u00eda el esp\u00edritu colectivo. Sin embargo, \u201cla impronta propia de la Facultad de Derecho y Ciencias Sociales, siempre muy politizada en el buen sentido, con m\u00faltiples voces y mucha democracia\u201d profundizaron su identidad [&hellip;]<\/p>\n","protected":false},"author":42,"featured_media":43,"comment_status":"open","ping_status":"open","sticky":false,"template":"","format":"standard","meta":{"_exactmetrics_skip_tracking":false,"_exactmetrics_sitenote_active":false,"_exactmetrics_sitenote_note":"","_exactmetrics_sitenote_category":0,"footnotes":""},"categories":[1],"tags":[15,13,29,10,21,20,11,26,28,27],"class_list":["post-41","post","type-post","status-publish","format-standard","has-post-thumbnail","hentry","category-sin-categoria","tag-50com","tag-comunicacion-social","tag-comunicadores","tag-fadecs","tag-fiske-menuco","tag-general-roca","tag-periodismo","tag-se-hace-camino-al-pasar","tag-universidad-nacional-del-comahue","tag-universidad-publica"],"jetpack_featured_media_url":"https:\/\/medialabpatagonia.org\/sehacecamino\/wp-content\/uploads\/sites\/17\/2024\/10\/IMG-20241002-WA0014.jpg","_links":{"self":[{"href":"https:\/\/medialabpatagonia.org\/sehacecamino\/wp-json\/wp\/v2\/posts\/41","targetHints":{"allow":["GET"]}}],"collection":[{"href":"https:\/\/medialabpatagonia.org\/sehacecamino\/wp-json\/wp\/v2\/posts"}],"about":[{"href":"https:\/\/medialabpatagonia.org\/sehacecamino\/wp-json\/wp\/v2\/types\/post"}],"author":[{"embeddable":true,"href":"https:\/\/medialabpatagonia.org\/sehacecamino\/wp-json\/wp\/v2\/users\/42"}],"replies":[{"embeddable":true,"href":"https:\/\/medialabpatagonia.org\/sehacecamino\/wp-json\/wp\/v2\/comments?post=41"}],"version-history":[{"count":2,"href":"https:\/\/medialabpatagonia.org\/sehacecamino\/wp-json\/wp\/v2\/posts\/41\/revisions"}],"predecessor-version":[{"id":124,"href":"https:\/\/medialabpatagonia.org\/sehacecamino\/wp-json\/wp\/v2\/posts\/41\/revisions\/124"}],"wp:featuredmedia":[{"embeddable":true,"href":"https:\/\/medialabpatagonia.org\/sehacecamino\/wp-json\/wp\/v2\/media\/43"}],"wp:attachment":[{"href":"https:\/\/medialabpatagonia.org\/sehacecamino\/wp-json\/wp\/v2\/media?parent=41"}],"wp:term":[{"taxonomy":"category","embeddable":true,"href":"https:\/\/medialabpatagonia.org\/sehacecamino\/wp-json\/wp\/v2\/categories?post=41"},{"taxonomy":"post_tag","embeddable":true,"href":"https:\/\/medialabpatagonia.org\/sehacecamino\/wp-json\/wp\/v2\/tags?post=41"}],"curies":[{"name":"wp","href":"https:\/\/api.w.org\/{rel}","templated":true}]}}