{"id":37,"date":"2024-10-22T00:52:35","date_gmt":"2024-10-21T22:52:35","guid":{"rendered":"https:\/\/medialabpatagonia.org\/sehacecamino\/?p=37"},"modified":"2024-10-23T15:19:15","modified_gmt":"2024-10-23T13:19:15","slug":"la-universidad-del-comahue-me-cambio-la-vida","status":"publish","type":"post","link":"https:\/\/medialabpatagonia.org\/sehacecamino\/2024\/10\/22\/la-universidad-del-comahue-me-cambio-la-vida\/","title":{"rendered":"Juan Ignacio Cuccarese: \u201cLa Universidad del Comahue me cambi\u00f3 la vida\u201d."},"content":{"rendered":"<p><span style=\"font-weight: 400\">Por Ariela Pietrantuono<\/span><\/p>\n<p><span style=\"font-weight: 400\">\u201cDesde los nueve o diez a\u00f1os ya escrib\u00eda en algunas p\u00e1ginas de periodismo deportivo, desde chiquito me gusta esto. Esa pasi\u00f3n por escribir y contar historias sigue estando\u201d expres\u00f3 Juan Ignacio Cuccarese, un periodista roquense que, contra impedimentos familiares y laborales, jam\u00e1s dej\u00f3 de apostar por ser comunicador.<\/span><\/p>\n<p><span style=\"font-weight: 400\">A Juan la universidad lo atraves\u00f3 y lo transform\u00f3 no s\u00f3lo como profesional, sino tambi\u00e9n en su vida personal. \u201cTen\u00eda una forma de pensar muy estructurada por mi familia y la facultad me cambi\u00f3 totalmente, me permiti\u00f3 conocer un mont\u00f3n de realidades distintas, pude charlar con muchas personas con diferentes opiniones. Me abri\u00f3 la cabeza completamente y me cambi\u00f3 la vida, le debo gran parte de lo que soy a la Universidad del Comahue y le voy a estar eternamente agradecido\u201d enfatiz\u00f3. Tambi\u00e9n agreg\u00f3 \u201cyo antes de entrar a la facu siempre dec\u00eda que no quer\u00eda hacer otra cosa que no fuera periodismo deportivo y hasta me consideraba casi apol\u00edtico. Hoy estoy a cargo de la secci\u00f3n pol\u00edtica de un diario ac\u00e1 en la regi\u00f3n\u201d.<\/span><\/p>\n<p><span style=\"font-weight: 400\">\u201cEgres\u00e9 de la secundaria en 2010 y quer\u00eda estudiar Comunicaci\u00f3n Social pero hab\u00eda cierta resistencia familiar, no quer\u00edan que estudiara esta carrera en espec\u00edfico. Entonces me fui a estudiar Licenciatura en Letras a Bah\u00eda Blanca\u201d contest\u00f3 sobre sus primeros pasos universitarios. Distintas cuestiones al interior de su familia llevaron a que tuviera que volver a Roca luego de seis meses de haber empezado la carrera y all\u00ed logr\u00f3 negociar con sus padres para que lo dejaran estudiar lo que realmente le gustaba: Comunicaci\u00f3n Social.\u00a0<\/span><\/p>\n<p><span style=\"font-weight: 400\">Otra caracter\u00edstica que destaca el comunicador de la carrera en Fadecs es la calidad de los docentes: \u201cSon todos muy buenos profesores y mejores personas. Hay cuatro que me marcaron m\u00e1s que otros, fueron Fabi\u00e1n Bergero, Alejandro Rost, Mar\u00eda Teresa Bernardi y Marcelo Loaiza. Son gente con la que me he reencontrado a lo largo de todos estos a\u00f1os y siempre que he vuelto a la facultad me han dado un mensaje alentador\u201d.\u00a0<\/span><\/p>\n<p><span style=\"font-weight: 400\">Tambi\u00e9n cont\u00f3 una an\u00e9cdota con uno de esos profesores que le tendi\u00f3 una mano en un momento dif\u00edcil de su vida: \u201cHubo una \u00e9poca en pandemia en la que estaba muy desbordado, estaba muy mal en mi trabajo y la situaci\u00f3n estaba muy tensa. Justo estaba cursando una materia con \u00e9l y en un momento le escrib\u00ed dici\u00e9ndole \u2018mir\u00e1 Fabi lamento tener que hacerlo pero me voy a tener que bajar, no puedo seguir\u2019 y me acuerdo que su primera respuesta fue \u2018vos no te bajas, la materia la terminas y esto es una orden\u2019. Despu\u00e9s me mand\u00f3 otro mensaje hermoso alent\u00e1ndome a seguir\u201d. Ese apoyo por parte de los docentes es algo que no se presenta en todas las carreras ni en todas las facultades y es algo que los estudiantes de Comunicaci\u00f3n Social agradecen infinitamente.<\/span><\/p>\n<p><b>Un camino con idas, vueltas y algunas dificultades<\/b><\/p>\n<p><span style=\"font-weight: 400\">En 2012 empez\u00f3 a estudiar Comunicaci\u00f3n Social en la UNCo. Sus primeros a\u00f1os fueron los que m\u00e1s disfrut\u00f3 junto con otros compa\u00f1eros. \u201cDel 2012 al 2014 hice la carrera de corrido, ten\u00eda un grupo de estudio muy lindo y le met\u00edamos a todas las materias, nos encantaba. En 2014 entr\u00e9 a trabajar, otro de los chicos tambi\u00e9n, otro se mud\u00f3 y una chica abandon\u00f3 la carrera entonces se desarm\u00f3 por completo el grupo y sin ellos me cost\u00f3 mucho\u201d record\u00f3 nost\u00e1lgico.\u00a0<\/span><\/p>\n<p><span style=\"font-weight: 400\">Otra dificultad a la que se enfrent\u00f3 fue lograr compaginar los horarios del trabajo con los horarios de la cursada: \u201cEs una carrera que, no s\u00e9 si por el plan de estudios o si por la carga horaria, no est\u00e1 pensada para gente que trabaja y c\u00f3mo generas tantos contactos mientras cursas me parece raro que no est\u00e9 esa articulaci\u00f3n\u201d reflexion\u00f3 el periodista. Tambi\u00e9n habl\u00f3 sobre las limitaciones por las condiciones edilicias y la falta de equipamiento audiovisual: \u201cHoy en d\u00eda est\u00e1 mucho m\u00e1s digitalizado todo, cuando yo empec\u00e9 no quedaba otra que ir a comprar las fotocopias de los materiales. Eso me parece un avance\u201d. Destac\u00f3 la importancia de un mejor presupuesto universitario y los sueldos de los profesores, el personal no docente y los administrativos, resaltando la resistencia de la universidad p\u00fablica frente a cualquier problema.\u00a0<\/span><\/p>\n<p><b>Un amigo grabado en la memoria y en el coraz\u00f3n<\/b><\/p>\n<p><span style=\"font-weight: 400\">Juan recuerda todos los d\u00edas a Juan \u201cCali\u201d Caliani, un gran periodista comprometido con las luchas sociales y un gran amigo de la carrera. \u201cEs una de las mejores personas que conoc\u00ed, es el mejor regalo que me dej\u00f3 la universidad, un amigo de fierro. Lo conoc\u00ed en los pasillos de la facu como lo conocieron todos, no llegu\u00e9 a compartir muchas materias con \u00e9l pero s\u00ed lo ve\u00eda en los pasillos, en la cancha y hasta formamos juntos un equipo de f\u00fatbol juntos que hoy tiene m\u00e1s de 50 personas\u201d rememor\u00f3 con un poco de alegr\u00eda y un poco de tristeza: \u201cEs muy doloroso no verlo, lo extra\u00f1o y lo extra\u00f1amos todos los d\u00edas\u201d. Tambi\u00e9n destac\u00f3 el esp\u00edritu alegre de su amigo y su constante apoyo a la universidad p\u00fablica, asegurando que \u00e9l hoy estar\u00eda en las calles defendiendo la educaci\u00f3n. \u201cSi logro terminar la carrera, al primero que se lo quiero dedicar es a \u00e9l\u201d.<\/span><\/p>\n<p><b>\u00bfQui\u00e9n es Juan Ignacio Cuccarese?<\/b><\/p>\n<p><span style=\"font-weight: 400\">\u201cSoy una persona muy orgullosa de haber pasado por la universidad p\u00fablica, que le tiene un amor inmenso a esta carrera. Si tenemos que salir 300 veces a la calle, salimos 301 por todo lo que me di\u00f3 esta carrera, porque me cambi\u00f3 la vida\u201d respondi\u00f3 a la dif\u00edcil pregunta de definirse a uno mismo. \u201cMe defino como un periodista aunque no tenga el t\u00edtulo porque, como sostuve siempre, quien ejerce o se siente periodista est\u00e1 en su derecho a llamarse como tal\u201d declar\u00f3.<\/span><\/p>\n<p><span style=\"font-weight: 400\">Se considera un entusiasta de la comunicaci\u00f3n que no va a parar de intentar conseguir su t\u00edtulo, no s\u00f3lo para poder culminar con esa etapa sino tambi\u00e9n para darle un buen ejemplo a su hijo: \u201cQuiero demostrarle que siempre est\u00e1 bueno insistir y que las cosas en alg\u00fan momento llegan. Me encantar\u00eda que mi hijo vaya a una universidad p\u00fablica y lo voy a alentar junto con mi se\u00f1ora\u201d.<\/span><\/p>\n<p><span style=\"font-weight: 400\">Juan Ignacio Cuccarese define a la carrera de Comunicaci\u00f3n Social como \u201cun aprendizaje constante, puertas siempre abiertas y, en t\u00e9rminos personales, una parte esencial de mi vida\u201d.<\/span><\/p>\n","protected":false},"excerpt":{"rendered":"<p>Por Ariela Pietrantuono \u201cDesde los nueve o diez a\u00f1os ya escrib\u00eda en algunas p\u00e1ginas de periodismo deportivo, desde chiquito me gusta esto. Esa pasi\u00f3n por escribir y contar historias sigue estando\u201d expres\u00f3 Juan Ignacio Cuccarese, un periodista roquense que, contra impedimentos familiares y laborales, jam\u00e1s dej\u00f3 de apostar por ser comunicador. A Juan la universidad [&hellip;]<\/p>\n","protected":false},"author":42,"featured_media":38,"comment_status":"open","ping_status":"open","sticky":false,"template":"","format":"standard","meta":{"_exactmetrics_skip_tracking":false,"_exactmetrics_sitenote_active":false,"_exactmetrics_sitenote_note":"","_exactmetrics_sitenote_category":0,"footnotes":""},"categories":[1],"tags":[25,23,13,17,10,21,20,11,26,16],"class_list":["post-37","post","type-post","status-publish","format-standard","has-post-thumbnail","hentry","category-sin-categoria","tag-50com-2","tag-carrera-universitaria","tag-comunicacion-social","tag-educacion-publica","tag-fadecs","tag-fiske-menuco","tag-general-roca","tag-periodismo","tag-se-hace-camino-al-pasar","tag-unco"],"jetpack_featured_media_url":"https:\/\/medialabpatagonia.org\/sehacecamino\/wp-content\/uploads\/sites\/17\/2024\/10\/IMG_20241017_152704_933.jpg","_links":{"self":[{"href":"https:\/\/medialabpatagonia.org\/sehacecamino\/wp-json\/wp\/v2\/posts\/37","targetHints":{"allow":["GET"]}}],"collection":[{"href":"https:\/\/medialabpatagonia.org\/sehacecamino\/wp-json\/wp\/v2\/posts"}],"about":[{"href":"https:\/\/medialabpatagonia.org\/sehacecamino\/wp-json\/wp\/v2\/types\/post"}],"author":[{"embeddable":true,"href":"https:\/\/medialabpatagonia.org\/sehacecamino\/wp-json\/wp\/v2\/users\/42"}],"replies":[{"embeddable":true,"href":"https:\/\/medialabpatagonia.org\/sehacecamino\/wp-json\/wp\/v2\/comments?post=37"}],"version-history":[{"count":2,"href":"https:\/\/medialabpatagonia.org\/sehacecamino\/wp-json\/wp\/v2\/posts\/37\/revisions"}],"predecessor-version":[{"id":123,"href":"https:\/\/medialabpatagonia.org\/sehacecamino\/wp-json\/wp\/v2\/posts\/37\/revisions\/123"}],"wp:featuredmedia":[{"embeddable":true,"href":"https:\/\/medialabpatagonia.org\/sehacecamino\/wp-json\/wp\/v2\/media\/38"}],"wp:attachment":[{"href":"https:\/\/medialabpatagonia.org\/sehacecamino\/wp-json\/wp\/v2\/media?parent=37"}],"wp:term":[{"taxonomy":"category","embeddable":true,"href":"https:\/\/medialabpatagonia.org\/sehacecamino\/wp-json\/wp\/v2\/categories?post=37"},{"taxonomy":"post_tag","embeddable":true,"href":"https:\/\/medialabpatagonia.org\/sehacecamino\/wp-json\/wp\/v2\/tags?post=37"}],"curies":[{"name":"wp","href":"https:\/\/api.w.org\/{rel}","templated":true}]}}