{"id":338,"date":"2024-10-29T21:34:37","date_gmt":"2024-10-29T20:34:37","guid":{"rendered":"https:\/\/medialabpatagonia.org\/sehacecamino\/?p=338"},"modified":"2024-10-30T16:19:23","modified_gmt":"2024-10-30T15:19:23","slug":"aitiana-tebes-la-universidad-publica-me-llevo-a-encontrarme-con-el-mundo-de-otra-forma","status":"publish","type":"post","link":"https:\/\/medialabpatagonia.org\/sehacecamino\/2024\/10\/29\/aitiana-tebes-la-universidad-publica-me-llevo-a-encontrarme-con-el-mundo-de-otra-forma\/","title":{"rendered":"Aitiana Teb\u00e9s: \u201cLa universidad p\u00fablica me llev\u00f3 a encontrarme con el mundo de otra forma\u201d"},"content":{"rendered":"<p><span style=\"font-weight: 500;\">\u00a0<\/span><\/p>\n<p><span style=\"font-weight: 400;\">Por: Abigail Avila<\/span><\/p>\n<p><span style=\"font-weight: 500;\">En el a\u00f1o 2017, Aitiana Teb\u00e9s estaba en su \u00faltimo a\u00f1o de secundaria y, por lo tanto, ansiosa por decidir d\u00f3nde podr\u00eda encontrarse el a\u00f1o siguiente: si en el campus de la Universidad Torcuato Di Tella, en la ciudad de Buenos Aires, o atravesando la entrada de la Facultad de Derecho y Ciencias Sociales de la ciudad de General Roca (Fiske Menuco).\u00a0<\/span><\/p>\n<p><span style=\"font-weight: 500;\">Aitiana naci\u00f3 en la localidad de Centenario, Neuqu\u00e9n. Tiene 24 a\u00f1os, es la presidenta del actual centro de estudiantes \u201cEl Colectivo\u201d y pr\u00f3ximamente ser\u00e1 periodista de la carrera de Comunicaci\u00f3n Social. El hilo rojo que la condujo hasta la profesi\u00f3n fue la escritura , porque es una habilidad que siempre desarroll\u00f3 con naturalidad. Sin embargo, su curiosidad y deseos de aprender continuamente fueron la motivaci\u00f3n para dirigirse hacia la comunicaci\u00f3n.<\/span> <b>\u201c&#8230;si m\u00e1s adelante me interesan la medicina, la ciencia molecular o el f\u00fatbol, \u200b\u200bcualquiera de esas cosas puede ser una herramienta para comunicar mis intereses\u201d, <\/b><span style=\"font-weight: 400;\">expres\u00f3 entre entusiasmo y risas.\u00a0<\/span><\/p>\n<p><span style=\"font-weight: 500;\">Aiti reflexion\u00f3 con devoci\u00f3n sobre el significado que la instituci\u00f3n universitaria ha tenido en su vida y en la de sus seres queridos, por lo que considera fundamental poder honrarla en su vida diaria<\/span><b>. \u201cPara m\u00ed es una alegr\u00eda ser universitaria en una familia de clase trabajadora. Mi mam\u00e1 es universitaria, estudi\u00f3 en una p\u00fablica, mi pap\u00e1 no. Mis abuelos&#8230; Olv\u00eddate, ninguno termin\u00f3 la secundaria. Entonces, poder elegir lo que me gusta, conducir a mi trabajo y orientarlo hacia mi vida, para m\u00ed eso fue muy importante\u201d.\u00a0<\/b><\/p>\n<p><span style=\"font-weight: 500;\">Egresada de una escuela cat\u00f3lica, la joven neuquina comenta que su paso por Fadecs no solo le permiti\u00f3 un acceso al mercado laboral ejerciendo una profesi\u00f3n que ella misma disfruta, sino que adem\u00e1s signific\u00f3 conocer espacios en los que antes nunca se hubiera imaginado. <\/span><i><span style=\"font-weight: 500;\">\u201c<\/span><\/i><b>Vengo de una escuela religiosa y hab\u00eda muchos espacios de trabajo en conjunto los cuales yo no conoc\u00eda. Pasar por la facultad me permiti\u00f3 conocer la construcci\u00f3n colectiva, la militancia, el crear cosas con otros por un fin en com\u00fan\u201d.\u00a0<\/b><\/p>\n<p><span style=\"font-weight: 500;\">Afirma que antes de la faceta universitaria no ten\u00eda un inter\u00e9s pol\u00edtico, puesto que ni en su n\u00facleo familiar ni otros lugares que ella frecuentaba, despertaban inquietud esos temas. Luego, en la cuarentena del a\u00f1o 2020 por el virus Sars-Covid19, en <\/span><span style=\"font-weight: 400;\">A<\/span><span style=\"font-weight: 500;\">itiana, emergi\u00f3 un sentimiento de nostalgia al extra\u00f1ar la colectividad con las personas , as\u00ed que volvi\u00f3 hacia ella la curiosidad de acercarse a un escenario comunitario<\/span><b>.<\/b><span style=\"font-weight: 500;\"> De modo que cuando se le present\u00f3 la oportunidad no dud\u00f3 en tomarla<\/span><b>. \u201cUna amiga me dijo que conoc\u00eda\u00a0 el grupo \u201cMovimiento de Trabajadores Excluidos\u201d. Ah\u00ed necesitaban de alguien que los ayude con la comunicaci\u00f3n, las redes y dem\u00e1s. Empec\u00e9 a colaborar con ellos, de a partir de ah\u00ed conoc\u00ed a \u201cPatria Grande\u201d y despu\u00e9s a \u201cLa Mella\u201d, que es la agrupaci\u00f3n estudiantil en la cual milito y que forma parte de \u201cEl Colectivo\u201d, que es el frente de conducci\u00f3n del centro de estudiantes\u201d.\u00a0\u00a0<\/b><\/p>\n<p><span style=\"font-weight: 500;\">Estas vivencias le permitieron a Aiti cavilar sobre la importante labor de contribuir a la comunidad y reflexionar sobre su progreso. <\/span><b>\u201c Estoy en la universidad. \u00bfQu\u00e9 puedo hacer que permita que los chicos, las chicas y los chiques sigan estudiando? Puedan recibirse. Creo que para mejorar la calidad de vida en general, cuando hablamos de justicia social tambi\u00e9n, tiene que ver con eso. <\/b><b>As\u00ed <\/b><b>para que los que ingresan a la universidad tengan las condiciones para seguir cursando de la manera m\u00e1s amena posible, adem\u00e1s de la oportunidad de recibirse\u201d.\u00a0\u00a0<\/b><\/p>\n<p><b>\u201cLa universidad p\u00fablica me llev\u00f3 a encontrarme con el mundo de otra forma. Me hizo parte. Est\u00e1s ah\u00ed y tenes todo al alcance para ser un profesional. Tenes los materiales, acompa\u00f1amiento entre los compa\u00f1eros y se construye un sentido de comunidad que no pasa en otros lados\u201d<\/b><span style=\"font-weight: 500;\">. La representante estudiantil expres\u00f3 gratitud por el sentido de pertenencia social que vivi\u00f3 en la instituci\u00f3n, y agreg\u00f3 sobre la pr\u00e1ctica de la cual form\u00f3 parte, por los proyectos de Extensi\u00f3n que la facultad permite a los cursantes<\/span><b>. \u201cEste a\u00f1o di clases en el Penal 2, (centro penitenciario) , junto a un proyecto de Extensi\u00f3n. Esas experiencias son gracias a lo que se construye dentro de la universidad, que no solo son las clases. Son los grupos que se generan. Pude entrar a un grupo de Investigaci\u00f3n, de tener ese ida y vuelta con colegas y docente que te corrigen a pesar de que ya hayas cursado su materia. Eso probablemente no pasa en otros lados\u201d.<\/b><\/p>\n<p><b>\u201c \u00bfC\u00f3mo le devuelvo a la educaci\u00f3n p\u00fablica lo que pudo hacer por mi?.\u201d<\/b><\/p>\n<p><b>\u201cLa Aiti del 2017 la hizo bien. Le dir\u00eda que conoci\u00f3 un mundo incre\u00edble. A docentes, compa\u00f1eros y militantes incre\u00edbles que despu\u00e9s no solo terminaron construy\u00e9ndote como estudiante, sino como persona tambi\u00e9n\u201d<\/b><span style=\"font-weight: 500;\">, dijo la comunicadora al recordar la decisi\u00f3n crucial que marc\u00f3 esta etapa de su vida.\u00a0\u00a0<\/span><\/p>\n<p><span style=\"font-weight: 400;\">\u00a0\u00a0<\/span><\/p>\n","protected":false},"excerpt":{"rendered":"<p>\u00a0 Por: Abigail Avila En el a\u00f1o 2017, Aitiana Teb\u00e9s estaba en su \u00faltimo a\u00f1o de secundaria y, por lo tanto, ansiosa por decidir d\u00f3nde podr\u00eda encontrarse el a\u00f1o siguiente: si en el campus de la Universidad Torcuato Di Tella, en la ciudad de Buenos Aires, o atravesando la entrada de la Facultad de Derecho [&hellip;]<\/p>\n","protected":false},"author":44,"featured_media":339,"comment_status":"open","ping_status":"open","sticky":false,"template":"","format":"standard","meta":{"_exactmetrics_skip_tracking":false,"_exactmetrics_sitenote_active":false,"_exactmetrics_sitenote_note":"","_exactmetrics_sitenote_category":0,"footnotes":""},"categories":[1],"tags":[30,77,76,33,75],"class_list":["post-338","post","type-post","status-publish","format-standard","has-post-thumbnail","hentry","category-sin-categoria","tag-50com-soycom-sehacecamino-fadecs-comunicacionsocial-locucion-elbolson-rionegro-generalroca-fiskemenuco-comunicacion-social-carrera-sehacecamino","tag-generalroca-fiskemenuco","tag-shc2024","tag-soycom","tag-trayectoria"],"jetpack_featured_media_url":"https:\/\/medialabpatagonia.org\/sehacecamino\/wp-content\/uploads\/sites\/17\/2024\/10\/WhatsApp-Image-2024-10-15-at-15.36.01.jpeg","_links":{"self":[{"href":"https:\/\/medialabpatagonia.org\/sehacecamino\/wp-json\/wp\/v2\/posts\/338","targetHints":{"allow":["GET"]}}],"collection":[{"href":"https:\/\/medialabpatagonia.org\/sehacecamino\/wp-json\/wp\/v2\/posts"}],"about":[{"href":"https:\/\/medialabpatagonia.org\/sehacecamino\/wp-json\/wp\/v2\/types\/post"}],"author":[{"embeddable":true,"href":"https:\/\/medialabpatagonia.org\/sehacecamino\/wp-json\/wp\/v2\/users\/44"}],"replies":[{"embeddable":true,"href":"https:\/\/medialabpatagonia.org\/sehacecamino\/wp-json\/wp\/v2\/comments?post=338"}],"version-history":[{"count":2,"href":"https:\/\/medialabpatagonia.org\/sehacecamino\/wp-json\/wp\/v2\/posts\/338\/revisions"}],"predecessor-version":[{"id":349,"href":"https:\/\/medialabpatagonia.org\/sehacecamino\/wp-json\/wp\/v2\/posts\/338\/revisions\/349"}],"wp:featuredmedia":[{"embeddable":true,"href":"https:\/\/medialabpatagonia.org\/sehacecamino\/wp-json\/wp\/v2\/media\/339"}],"wp:attachment":[{"href":"https:\/\/medialabpatagonia.org\/sehacecamino\/wp-json\/wp\/v2\/media?parent=338"}],"wp:term":[{"taxonomy":"category","embeddable":true,"href":"https:\/\/medialabpatagonia.org\/sehacecamino\/wp-json\/wp\/v2\/categories?post=338"},{"taxonomy":"post_tag","embeddable":true,"href":"https:\/\/medialabpatagonia.org\/sehacecamino\/wp-json\/wp\/v2\/tags?post=338"}],"curies":[{"name":"wp","href":"https:\/\/api.w.org\/{rel}","templated":true}]}}