{"id":335,"date":"2024-10-29T21:24:49","date_gmt":"2024-10-29T20:24:49","guid":{"rendered":"https:\/\/medialabpatagonia.org\/sehacecamino\/?p=335"},"modified":"2024-10-30T16:20:17","modified_gmt":"2024-10-30T15:20:17","slug":"ricardo-peinado-hay-que-vivir-todas-las-etapas-que-ofrece-el-paso-por-la-universidad","status":"publish","type":"post","link":"https:\/\/medialabpatagonia.org\/sehacecamino\/2024\/10\/29\/ricardo-peinado-hay-que-vivir-todas-las-etapas-que-ofrece-el-paso-por-la-universidad\/","title":{"rendered":"RICARDO PEINADO: \u201c Hay que vivir todas las etapas que ofrece el paso por la Universidad\u201d."},"content":{"rendered":"<p><span style=\"font-weight: 400;\">Por Abigail Avila\u00a0<\/span><\/p>\n<p><span style=\"font-weight: 500;\">Cuando Ricardo Peinado se desprendi\u00f3 de su tierra natal, Ingeniero Huergo, para caminar y conocer los nidos de una profesi\u00f3n que siempre intuy\u00f3, no solo atraves\u00f3 la primera entrada, sino que fue el principio de un viaje emocionante que define como: <\/span><b>\u201cEl comienzo de un viaje inici\u00e1tico y la fascinaci\u00f3n que eso genera, de ir abriendo mundos nuevos\u201d.\u00a0<\/b><\/p>\n<p><span style=\"font-weight: 500;\">Ricardo Peinado estudi\u00f3 arte dram\u00e1tico y locuci\u00f3n. Inici\u00f3 su trayectoria universitaria en 1994, luego de haber finalizado el bachillerato. Se califica a s\u00ed mismo como una persona muy social y curiosa, as\u00ed que sus actitudes le permitieron no solo ir por un certificado de estudios, sino tambi\u00e9n acercarse a materias relacionadas con lo visual y la gesti\u00f3n, aunque en su primer a\u00f1o de ingreso tambi\u00e9n incursion\u00f3. en las artes esc\u00e9nicas. En el &#8217;98 se especializ\u00f3 en otra de las curiosidades que siempre captaron su atenci\u00f3n: la locuci\u00f3n<\/span><\/p>\n<p><span style=\"font-weight: 500;\">Fue inevitable para el actor recordar sus a\u00f1os de proyectos y logros, que fueron modificando su progreso acad\u00e9mico. Despu\u00e9s de sus primeros a\u00f1os de estudio, consigui\u00f3 una pasant\u00eda en el noticiero \u201cCablevisi\u00f3n del Comahue\u201d, en \u201cSomos el Valle\u201d. Su entrada al mercado laboral afect\u00f3 su trayectoria:<\/span><b> \u201cSe me dilat\u00f3 la carrera, empec\u00e9 a trabajar m\u00e1s de lo que estudiaba y no cerr\u00e9 el ciclo\u201d<\/b><\/p>\n<p><span style=\"font-weight: 500;\">Ricardo Peinado manifiesta gratitud por su paso por la facultad, porque le permiti\u00f3 reconocer su funci\u00f3n como agente social<\/span><b>. \u201cMe permiti\u00f3 comprender que somos en sociedad, que hay una disputa de sentido permanente y que tenemos un rol que ejercer ah\u00ed\u201d.<\/b><span style=\"font-weight: 500;\"> De igual modo, revelado por qu\u00e9 considera que, a trav\u00e9s de la lente de la comunicaci\u00f3n, se pueden conocer escenarios que quiz\u00e1s en la cotidianidad no percibimos con tanta claridad<\/span><b>. \u201cAmo esta carrera, me parece una de las posibilidades m\u00e1s lindas que existen. Nos da una licencia, nos habilita a poder medirnos en un mont\u00f3n de mundos\u201d.<\/b><\/p>\n<p><span style=\"font-weight: 500;\">Detall\u00f3 lo fundamental que fue para \u00e9l, como alumno, poder involucrarse en los debates de ideas que acontec\u00edan en los diversos espacios de la facultad. Sostuvo que lo que realmente contribuye a la formaci\u00f3n es el ejercicio de involucrarse en las situaciones actuales, tanto personales como aquellas que afectan a quienes lo rodean<\/span><b>. \u201cPara m\u00ed no vale la pena un tr\u00e1nsito por la universidad si no pasaste por el centro de estudiantes, por las fiestas de la facultad, por los amigos de la facultad, por los amores de la facultad. Me parece que hay que vivir todas las dimensiones de las etapas, y vivir eso a veces te hace no ser tan lineal en la consecuci\u00f3n del objetivo, pero enriquece el camino\u201d.<\/b><\/p>\n<p><span style=\"font-weight: 500;\">Es inevitable que en el ciclo acad\u00e9mico el estudiante pase por alguna &#8216;evoluci\u00f3n personal&#8217; o se cuestione la formaci\u00f3n que escogi\u00f3.<\/span><b> \u201cNunca sent\u00ed que quisiera alejarme de la carrera. A veces he sentido que me faltaba m\u00e1s tiempo para todo lo que me interesa. Es por ello que decidi\u00f3 hace dos a\u00f1os retomar la carrera para finalizar algunas materias pendientes.\u00bb<\/b><\/p>\n<p><span style=\"font-weight: 400;\">As\u00ed como la diversidad de intereses entre los estudiantes enriquece la formaci\u00f3n de opini\u00f3n, promoviendo una visi\u00f3n multidimensional y completa, la labor de gu\u00eda de los docentes les permiti\u00f3 complementar las distintas etapas de aprendizaje.<\/span><b> \u00abLas clases me ayudaron a conocer aspectos de la comunicaci\u00f3n que yo no sab\u00eda, y te van guiando en ese descubrimiento. Pero tambi\u00e9n muchos fueron gu\u00edas en c\u00f3mo llevar a cabo la tarea y el oficio. Fui ayudante de c\u00e1tedra, y esa cercan\u00eda, el pensar temas y acompa\u00f1arme tambi\u00e9n me ense\u00f1aron mucho\u00bb.<\/b><\/p>\n<p><span style=\"font-weight: 500;\">Beneficiarse de todas las esferas de la vida universitaria e involucrarse de manera comprometida en los recorridos que ofrece trae consigo no solo una formaci\u00f3n experiencial y un t\u00edtulo acad\u00e9mico, sino que tambi\u00e9n marca una etapa fundamental para cualquier persona que decida cruzar los portales acad\u00e9micos.\u00a0<\/span><\/p>\n","protected":false},"excerpt":{"rendered":"<p>Por Abigail Avila\u00a0 Cuando Ricardo Peinado se desprendi\u00f3 de su tierra natal, Ingeniero Huergo, para caminar y conocer los nidos de una profesi\u00f3n que siempre intuy\u00f3, no solo atraves\u00f3 la primera entrada, sino que fue el principio de un viaje emocionante que define como: \u201cEl comienzo de un viaje inici\u00e1tico y la fascinaci\u00f3n que eso [&hellip;]<\/p>\n","protected":false},"author":44,"featured_media":343,"comment_status":"open","ping_status":"open","sticky":false,"template":"","format":"standard","meta":{"_exactmetrics_skip_tracking":false,"_exactmetrics_sitenote_active":false,"_exactmetrics_sitenote_note":"","_exactmetrics_sitenote_category":0,"footnotes":""},"categories":[1],"tags":[15,74,31,73,76,33,75],"class_list":["post-335","post","type-post","status-publish","format-standard","has-post-thumbnail","hentry","category-sin-categoria","tag-50com","tag-artedramatico","tag-locucion","tag-sehacecamino-fadecs-comunicacionsocial-locucion-elbolson-rionegro-generalroca-fiskemenuco-comunicacion-social-carrera-sehacecamino","tag-shc2024","tag-soycom","tag-trayectoria"],"jetpack_featured_media_url":"https:\/\/medialabpatagonia.org\/sehacecamino\/wp-content\/uploads\/sites\/17\/2024\/10\/pein4do-1.jpeg","_links":{"self":[{"href":"https:\/\/medialabpatagonia.org\/sehacecamino\/wp-json\/wp\/v2\/posts\/335","targetHints":{"allow":["GET"]}}],"collection":[{"href":"https:\/\/medialabpatagonia.org\/sehacecamino\/wp-json\/wp\/v2\/posts"}],"about":[{"href":"https:\/\/medialabpatagonia.org\/sehacecamino\/wp-json\/wp\/v2\/types\/post"}],"author":[{"embeddable":true,"href":"https:\/\/medialabpatagonia.org\/sehacecamino\/wp-json\/wp\/v2\/users\/44"}],"replies":[{"embeddable":true,"href":"https:\/\/medialabpatagonia.org\/sehacecamino\/wp-json\/wp\/v2\/comments?post=335"}],"version-history":[{"count":2,"href":"https:\/\/medialabpatagonia.org\/sehacecamino\/wp-json\/wp\/v2\/posts\/335\/revisions"}],"predecessor-version":[{"id":350,"href":"https:\/\/medialabpatagonia.org\/sehacecamino\/wp-json\/wp\/v2\/posts\/335\/revisions\/350"}],"wp:featuredmedia":[{"embeddable":true,"href":"https:\/\/medialabpatagonia.org\/sehacecamino\/wp-json\/wp\/v2\/media\/343"}],"wp:attachment":[{"href":"https:\/\/medialabpatagonia.org\/sehacecamino\/wp-json\/wp\/v2\/media?parent=335"}],"wp:term":[{"taxonomy":"category","embeddable":true,"href":"https:\/\/medialabpatagonia.org\/sehacecamino\/wp-json\/wp\/v2\/categories?post=335"},{"taxonomy":"post_tag","embeddable":true,"href":"https:\/\/medialabpatagonia.org\/sehacecamino\/wp-json\/wp\/v2\/tags?post=335"}],"curies":[{"name":"wp","href":"https:\/\/api.w.org\/{rel}","templated":true}]}}