{"id":297,"date":"2024-10-25T01:02:04","date_gmt":"2024-10-24T23:02:04","guid":{"rendered":"https:\/\/medialabpatagonia.org\/sehacecamino\/?p=297"},"modified":"2024-10-25T14:08:27","modified_gmt":"2024-10-25T12:08:27","slug":"omar-gonzalez-a-la-universidad-del-comahue-le-debo-todo-y-creo-tambien-que-yo-le-he-entregado-todo","status":"publish","type":"post","link":"https:\/\/medialabpatagonia.org\/sehacecamino\/2024\/10\/25\/omar-gonzalez-a-la-universidad-del-comahue-le-debo-todo-y-creo-tambien-que-yo-le-he-entregado-todo\/","title":{"rendered":"Omar Gonz\u00e1lez: \u201cA la Universidad del Comahue le debo todo, y creo tambi\u00e9n que yo le he entregado todo\u201d."},"content":{"rendered":"<p><span style=\"font-weight: 400\">Por Samuel Urrutia<\/span><\/p>\n<p><span style=\"font-weight: 400\">Omar Gonz\u00e1lez ten\u00eda 13 a\u00f1os cuando fue convocado por primera vez para trabajar atendiendo el tel\u00e9fono de un programa en LRA 53 Radio nacional San Mart\u00edn de los Andes; fue ah\u00ed, en el comienzo de su adolescencia que sinti\u00f3 que iba a estar comunic\u00e1ndose con la gente a trav\u00e9s de los medios de informaci\u00f3n. Hoy sigue ejerciendo la comunicaci\u00f3n radiof\u00f3nica, trabajando en comunicaci\u00f3n y organizaciones y tambi\u00e9n, dando clases en la Fadecs.<\/span><\/p>\n<p><span style=\"font-weight: 400\">Omar nos cuenta que toda su adolescencia la atraves\u00f3 trabajando para la radio de su ciudad; comenz\u00f3 con el tel\u00e9fono y al a\u00f1o ya estaba haciendo de operador t\u00e9cnico. Incursion\u00f3 en la locuci\u00f3n y el periodismo escribiendo columnas en los medios escritos de su ciudad, todo sin contar con muchos elementos te\u00f3ricos.\u00a0<\/span><\/p>\n<p><span style=\"font-weight: 400\">Cuando termin\u00f3 el secundario, se dedic\u00f3 dos a\u00f1os a trabajar y ahorrar dinero para poder costearse los gastos de venir a la ciudad de General Roca\/Fiske Menuco y estudiar comunicaci\u00f3n. Sobre su llegada a la ciudad dijo: \u201crecuerdo que el primer d\u00eda que llegu\u00e9, m\u00e1s all\u00e1 de buscar un alquiler y conocer la facultad, lo primero que hice fue ir a conocer Antena Libre, y siento que desde ese momento, estoy vinculado con la radio de la facultad\u201d.<\/span><\/p>\n<p><span style=\"font-weight: 400\">En la Universidad Nacional del Comahue obtuvo dos tecnicaturas: una en Comunicaci\u00f3n Social y otra en Locuci\u00f3n; despu\u00e9s complet\u00f3 su formaci\u00f3n de grado haciendo la licenciatura, y m\u00e1s cerca en el tiempo realiz\u00f3 un posgrado en Comunicaci\u00f3n y Cultura Contempor\u00e1nea; ahora est\u00e1 terminando una maestr\u00eda en Comunicaci\u00f3n y Cultura. \u201cA la Universidad del Comahue le debo todo, y creo tambi\u00e9n que yo le he entregado todo, como estudiante, trabajador y graduado\u201d dice. Agreg\u00f3 que \u201cen funci\u00f3n de eso, respeto todo lo que implica la universidad p\u00fablica, tan bastardeada por un sector de la pol\u00edtica Argentina, pero a la vez tan necesaria para una sociedad mucho m\u00e1s ecu\u00e1nime, cuyos pilares sean la memoria, verdad y justicia. La comunicaci\u00f3n social es la comunicaci\u00f3n con las otras personas, y en esa ida y vuelta se construye comunidad, sociedad, empat\u00eda. Todo eso me dio la universidad\u201d.<\/span><\/p>\n<p><span style=\"font-weight: 400\">\u00bfQu\u00e9 te cambi\u00f3 el paso por la carrera de Comunicaci\u00f3n?. \u201cYo me siento un estudiante permanente. Cuando llegu\u00e9 pensaba que la universidad me iba a servir para estar dos o tres a\u00f1os en Roca y despu\u00e9s volver a mi ciudad para ejercer la comunicaci\u00f3n, pero lo que encontr\u00e9 en esta idea de mejoramiento continuo y de formaci\u00f3n permanente, fue una fuerte vinculaci\u00f3n con la universidad; ya sea por lo que aprendimos en las aulas, por lo que fuimos generando a nivel te\u00f3rico o por las cr\u00edticas que podemos hacer desde la universidad hacia esas realidades que tenemos. En l\u00ednea con lo anterior, me encuentro con un Omar que fue fortalecido por la universidad, por su pasi\u00f3n por la Comunicaci\u00f3n Social, motivado por nuevas formas de comunicar, ya sean por las nuevas tecnolog\u00edas, los medios colectivos, las redes sociales y\u00a0 fundamentalmente en la investigaci\u00f3n en Comunicaci\u00f3n Social. Ese trayecto yo lo siento vivo y en un par de a\u00f1os m\u00e1s dir\u00e9 lo mismo, que sigo aprendiendo.<\/span><\/p>\n<p><span style=\"font-weight: 400\">Gonz\u00e1lez mantiene muchos recuerdos v\u00edvidos de su recorrido por la carrera. Cuando ingres\u00f3 en 1996 todav\u00eda la facultad no ten\u00eda computadoras y se trabajaba con m\u00e1quinas de escribir tradicionales; reci\u00e9n a finales de la d\u00e9cada de los noventa lleg\u00f3 la primer computadora a la biblioteca \u201cErnesto S\u00e1bato\u201d, con acceso a un mundo del cual hab\u00edan escuchado pero que desconoc\u00edan totalmente y que te brindaba la posibilidad de conectar una computadora con otra. \u201cTuvimos la posibilidad de abrir el primer correo electr\u00f3nico, y por muchos a\u00f1os tuvo solo tres usuarios, un profe, un compa\u00f1ero de cursada y yo. Despu\u00e9s se masific\u00f3 y con los a\u00f1os vinieron otras computadoras, pero todav\u00eda recuerdo lo novedoso que fue para nosotros en aquel entonces\u201d.<\/span><\/p>\n<p><span style=\"font-weight: 400\">Tambi\u00e9n recuerda la visita a la facultad del soci\u00f3logo investigador Derrick de Kerckhove, disc\u00edpulo de Marshall McLuhan. \u201cSiempre recuerdo que \u00e9l nos contaba que hab\u00eda estado la semana anterior en M\u00e9xico manteniendo clases a distancia a trav\u00e9s de una computadora con gente de Europa y Estados Unidos. En la actualidad eso es algo completamente natural, pero a finales de los noventa ya ten\u00edamos ese conocimiento quienes est\u00e1bamos inquietos por esas cuestiones\u201d.<\/span><\/p>\n<p><span style=\"font-weight: 400\">Omar recuerda con nostalgia al docente jubilado Ricardo Haye, a quien le estar\u00e1 siempre agradecido y lo considera un maestro de la comunicaci\u00f3n. \u201c\u00c9l fue quien me habilit\u00f3 la posibilidad de presentarme en un concurso y ser docente; as\u00edmismo, ejerc\u00ed durante mucho tiempo como ayudante de c\u00e1tedra. Si bien en lo formal era solo una ayudant\u00eda, a nivel humano yo me sent\u00eda como un docente m\u00e1s y por eso siempre le estar\u00e9 agradecido\u201d.\u00a0<\/span><\/p>\n<p><span style=\"font-weight: 400\">Omar descubri\u00f3 en la docencia otra pasi\u00f3n, que es el aprender con el estudiantado. \u201cPara quienes han pasado por el aula conmigo seguramente sepan que yo entiendo la ense\u00f1anza de la comunicaci\u00f3n, con ese ida y vuelta, el aprender de esa otra persona por m\u00e1s que eventualmente en ese momento sea un estudiante\u201d.\u00a0<\/span><\/p>\n<p><span style=\"font-weight: 400\">Siempre particip\u00f3 en muchas agrupaciones; si bien no desde lo formal, pero siempre acompa\u00f1\u00f3 a aquellos grupos que defend\u00edan la memoria, verdad y justicia,\u00a0 la igualdad, ecuanimidad y el trabajo por el otro. \u201cEn los a\u00f1os noventa tuvimos muchas luchas que llevar adelante, muy similar a lo que est\u00e1 pasando ahora. El ministro de econom\u00eda L\u00f3pez Murphy, intent\u00f3 cercenar los presupuestos universitarios, pero la movilizaci\u00f3n de las universidades fue tan contundente que tuvo que renunciar\u201d. Tambi\u00e9n agreg\u00f3: \u201csi milit\u00e9, porque en cada una de esas movilizaciones siempre estuve presente aunque no desde la formalidad en alguna agrupaci\u00f3n espec\u00edfica\u201d.<\/span><\/p>\n<p><span style=\"font-weight: 400\">Uno de los aspectos m\u00e1s hermosos que considera que le dio la universidad fue el aprender con el otro, con colegas que lo vienen acompa\u00f1ando hace 20 o 25 a\u00f1os desde la cursada de la licenciatura. \u201cEn gran parte, m\u00e1s de la mitad de mi vida estuve acompa\u00f1ado por esas personas que ya a esta altura son amigos de la vida\u201d.\u00a0<\/span><\/p>\n<p><span style=\"font-weight: 400\">Coment\u00f3 que en un futuro se seguir\u00e1 viendo vinculado a la facultad, y aprendiendo de comunicaci\u00f3n. \u201cCreo que siempre se puede aprender m\u00e1s, y sobre todo en nuestro mundo actual en donde la cosa comunicativa tiene m\u00e1s preguntas que certezas, eso creo que es lo m\u00e1s interesante para quienes amamos la comunicaci\u00f3n. Me veo haciendo y ejerciendo la comunicaci\u00f3n con respeto, que es lo fundamental, ya sea en los medios tradicionales como en los emergentes; as\u00ed tambi\u00e9n como en las organizaciones que tanto necesitan de comunicaci\u00f3n social\u201d.\u00a0<\/span><\/p>\n<p><span style=\"font-weight: 400\">\u00a1Qu\u00e9 consejo le dar\u00edas a aquellas personas que est\u00e1n reci\u00e9n empezando la carrera de comunicaci\u00f3n?\u201cLes dir\u00eda que es lo m\u00e1s hermoso que han elegido. Por la curr\u00edcula propia de la carrera por ah\u00ed se pueden llegar a preguntar para qu\u00e9 ser\u00e1 esto que me est\u00e1n ense\u00f1ando si yo voy a ser solo un comunicador, pero la verdad es que saber de antropolog\u00eda, sociolog\u00eda, de psicolog\u00eda y de tantas otras ciencias humanas y sociales, es fundamental, ya que de la carrera te llevas solo un pedacito de ese aprendizaje y vas a tener por delante todo un desaf\u00edo por seguir aprendiendo.\u00a0 Lo fundamental es que se diviertan, que lo vivan con respeto y responsabilidad pero siempre con diversi\u00f3n porque es algo maravilloso\u201d.<\/span><\/p>\n","protected":false},"excerpt":{"rendered":"<p>Por Samuel Urrutia Omar Gonz\u00e1lez ten\u00eda 13 a\u00f1os cuando fue convocado por primera vez para trabajar atendiendo el tel\u00e9fono de un programa en LRA 53 Radio nacional San Mart\u00edn de los Andes; fue ah\u00ed, en el comienzo de su adolescencia que sinti\u00f3 que iba a estar comunic\u00e1ndose con la gente a trav\u00e9s de los medios [&hellip;]<\/p>\n","protected":false},"author":51,"featured_media":298,"comment_status":"open","ping_status":"open","sticky":false,"template":"","format":"standard","meta":{"_exactmetrics_skip_tracking":false,"_exactmetrics_sitenote_active":false,"_exactmetrics_sitenote_note":"","_exactmetrics_sitenote_category":0,"footnotes":""},"categories":[1],"tags":[15,30,35,40,39,31,34,33,12,10],"class_list":["post-297","post","type-post","status-publish","format-standard","has-post-thumbnail","hentry","category-sin-categoria","tag-50com","tag-50com-soycom-sehacecamino-fadecs-comunicacionsocial-locucion-elbolson-rionegro-generalroca-fiskemenuco-comunicacion-social-carrera-sehacecamino","tag-comunicacionsocial","tag-fiskemenuco","tag-generalroca","tag-locucion","tag-sehacecamino","tag-soycom","tag-comunicacion","tag-fadecs"],"jetpack_featured_media_url":"https:\/\/medialabpatagonia.org\/sehacecamino\/wp-content\/uploads\/sites\/17\/2024\/10\/WhatsApp-Image-2024-10-17-at-7.50.11-PM.jpeg","_links":{"self":[{"href":"https:\/\/medialabpatagonia.org\/sehacecamino\/wp-json\/wp\/v2\/posts\/297","targetHints":{"allow":["GET"]}}],"collection":[{"href":"https:\/\/medialabpatagonia.org\/sehacecamino\/wp-json\/wp\/v2\/posts"}],"about":[{"href":"https:\/\/medialabpatagonia.org\/sehacecamino\/wp-json\/wp\/v2\/types\/post"}],"author":[{"embeddable":true,"href":"https:\/\/medialabpatagonia.org\/sehacecamino\/wp-json\/wp\/v2\/users\/51"}],"replies":[{"embeddable":true,"href":"https:\/\/medialabpatagonia.org\/sehacecamino\/wp-json\/wp\/v2\/comments?post=297"}],"version-history":[{"count":1,"href":"https:\/\/medialabpatagonia.org\/sehacecamino\/wp-json\/wp\/v2\/posts\/297\/revisions"}],"predecessor-version":[{"id":299,"href":"https:\/\/medialabpatagonia.org\/sehacecamino\/wp-json\/wp\/v2\/posts\/297\/revisions\/299"}],"wp:featuredmedia":[{"embeddable":true,"href":"https:\/\/medialabpatagonia.org\/sehacecamino\/wp-json\/wp\/v2\/media\/298"}],"wp:attachment":[{"href":"https:\/\/medialabpatagonia.org\/sehacecamino\/wp-json\/wp\/v2\/media?parent=297"}],"wp:term":[{"taxonomy":"category","embeddable":true,"href":"https:\/\/medialabpatagonia.org\/sehacecamino\/wp-json\/wp\/v2\/categories?post=297"},{"taxonomy":"post_tag","embeddable":true,"href":"https:\/\/medialabpatagonia.org\/sehacecamino\/wp-json\/wp\/v2\/tags?post=297"}],"curies":[{"name":"wp","href":"https:\/\/api.w.org\/{rel}","templated":true}]}}