{"id":27,"date":"2024-10-21T22:43:14","date_gmt":"2024-10-21T20:43:14","guid":{"rendered":"https:\/\/medialabpatagonia.org\/sehacecamino\/?p=27"},"modified":"2024-10-22T00:02:35","modified_gmt":"2024-10-21T22:02:35","slug":"melisa-biaziso-en-la-universidad-cumpli-mis-suenos-y-fue-gracias-a-que-es-gratuita","status":"publish","type":"post","link":"https:\/\/medialabpatagonia.org\/sehacecamino\/2024\/10\/21\/melisa-biaziso-en-la-universidad-cumpli-mis-suenos-y-fue-gracias-a-que-es-gratuita\/","title":{"rendered":"Melisa Biaziso: \u201cEn la Universidad cumpl\u00ed mis sue\u00f1os, y fue gracias a que es gratuita\u201d"},"content":{"rendered":"<p><img loading=\"lazy\" decoding=\"async\" class=\"alignnone size-medium wp-image-34\" src=\"http:\/\/medialabpatagonia.org\/sehacecamino\/wp-content\/uploads\/sites\/17\/2024\/10\/Biasizo-300x300.jpg\" alt=\"\" width=\"300\" height=\"300\" srcset=\"https:\/\/medialabpatagonia.org\/sehacecamino\/wp-content\/uploads\/sites\/17\/2024\/10\/Biasizo-300x300.jpg 300w, https:\/\/medialabpatagonia.org\/sehacecamino\/wp-content\/uploads\/sites\/17\/2024\/10\/Biasizo-1024x1024.jpg 1024w, https:\/\/medialabpatagonia.org\/sehacecamino\/wp-content\/uploads\/sites\/17\/2024\/10\/Biasizo-150x150.jpg 150w, https:\/\/medialabpatagonia.org\/sehacecamino\/wp-content\/uploads\/sites\/17\/2024\/10\/Biasizo-768x767.jpg 768w, https:\/\/medialabpatagonia.org\/sehacecamino\/wp-content\/uploads\/sites\/17\/2024\/10\/Biasizo-500x500.jpg 500w, https:\/\/medialabpatagonia.org\/sehacecamino\/wp-content\/uploads\/sites\/17\/2024\/10\/Biasizo-800x799.jpg 800w, https:\/\/medialabpatagonia.org\/sehacecamino\/wp-content\/uploads\/sites\/17\/2024\/10\/Biasizo.jpg 1280w\" sizes=\"auto, (max-width: 300px) 100vw, 300px\" \/><\/p>\n<p><span style=\"font-weight: 400\">por Greta Oca\u00f1a<\/span><\/p>\n<p><span style=\"font-weight: 400\">Melisa Biaziso tiene 26 a\u00f1os, es Licenciada en Comunicaci\u00f3n Social con menci\u00f3n en Periodismo desde el 2023 y actualmente est\u00e1 estudiando el Profesorado en Comunicaci\u00f3n Social. En su transcurso por la carrera, desde 2016 hasta 2023, pudo desempe\u00f1arse como conductora, productora radial y televisiva en Canal 10, y tambi\u00e9n como redactora del diario R\u00edo Negro. En sus palabras: \u201cEn la Universidad pude cumplir mis sue\u00f1os, y fue gracias a que es gratuita\u201d.<\/span><\/p>\n<p><span style=\"font-weight: 400\">\u00a0\u00a0\u00a0\u00a0\u00a0La comunicadora y periodista comenta que la cuesti\u00f3n econ\u00f3mica atraves\u00f3 toda su carrera, ya que durante su etapa de estudiante lleg\u00f3 a vivir hasta con 10 estudiantes. \u201cMi vieja me banc\u00f3 la carrera pero no exist\u00eda la posibilidad de que me pague un alquiler para m\u00ed sola. Lo que s\u00ed me prove\u00eda era la plata para las fotocopias, para la comida, pero como ella es docente daba todo su esfuerzo para darme lo que pod\u00eda, porque adem\u00e1s tengo 4 hermanes.\u201d<\/span><\/p>\n<p><span style=\"font-weight: 400\">\u00a0\u00a0\u00a0\u00a0\u00a0\u201c\u00bfQu\u00e9 te di\u00f3 la Universidad?\u201d \u201cM\u00e1s all\u00e1 de darme la posibilidad de trabajar, me di\u00f3 la posibilidad de pensar de manera cr\u00edtica, de poder ser consciente no s\u00f3lo de mi realidad sino de la de otros y otras\u201d. A eso tambi\u00e9n la encamin\u00f3 el trabajo en el diario R\u00edo Negro, a poder acercase a barrios populares que desconc\u00eda, \u201cpude estar en contacto con much\u00edsimas personas, que ese de hecho era mi sue\u00f1o: poder estar en contacto con otros. Gracias a la Universidad pude cumplir mis sue\u00f1os. Y fue gracias a que es gratuito; porque imaginate si yo no pod\u00eda pagar un alquiler \u00bfc\u00f3mo iba a pagar una Universidad? era imposible para m\u00ed y para mi familia\u201d.<\/span><\/p>\n<p><span style=\"font-weight: 400\">\u00a0\u00a0\u00a0\u00a0\u00a0<\/span><\/p>\n<p><b>Naturalmente comunicadora<\/b><\/p>\n<p><span style=\"font-weight: 400\">La elecci\u00f3n de la carrera de Comunicaci\u00f3n Social era cuesti\u00f3n de tiempo para Melisa, ya que como a muchos otros estudiantes, potenci\u00f3 sus aptitudes naturales: \u201csiempre de chica fui muy sociable, no era extrovertida, era sociable\u201d, afirm\u00f3. Termin\u00f3 sus estudios en el CEPET 16 de Neuqu\u00e9n en el \u00e1rea de Humanidades, participaba en todas las actividades habidas y por haber vinculadas al interactuar con personas. \u201cSi hab\u00eda que activar a los estudiantes en alg\u00fan sentido yo pasaba aula por aula con carteles y dem\u00e1s\u201d, coment\u00f3. \u201cSiempre tuve facilidad para vincularme con las personas, sean muy diferentes a mi o no. Siempre me gust\u00f3 saber acerca de los dem\u00e1s, me interesaba sus vidas, que hac\u00edan, sus costumbres, sus valores, por qu\u00e9 toman ciertas decisiones y dem\u00e1s\u201d. La idea de estudiar Comunicaci\u00f3n fue sugerida por su madre, Ana Mar\u00eda, qui\u00e9n le dijo: \u201cvos podr\u00edas estudiar Comunicaci\u00f3n porque siempre est\u00e1s con gente, siempre metida en alg\u00fan \u00e1mbito cultural, metida en los museos, en el teatro\u201d por lo que Melisa no lo dud\u00f3 ni un segundo.<\/span><\/p>\n<p><span style=\"font-weight: 400\">\u00a0\u00a0\u00a0\u00a0<\/span><\/p>\n<p><b>La carrera de comunicaci\u00f3n transforma y emancipa<\/b><\/p>\n<p><span style=\"font-weight: 400\">\u00a0En los pasillos de la Fadecs se construyen lazos s\u00f3lidos, no s\u00f3lo entre compa\u00f1eros y colegas sino tambi\u00e9n con aquellos profesores y profesoras que dejan ense\u00f1anzas de por vida o que marcan una huella en\u00a0 el trayecto de cada estudiante. Melisa recuerda con especial cari\u00f1o a Andrea Diez, quien fue su docente en el seminario de G\u00e9nero: \u201cAndrea me abri\u00f3 la cabeza, es como si ella tuviera una mochila cargadisima de libros en su cabeza, es muy inteligente, muy fuerte\u201d. Adem\u00e1s de su paso por la universidad, tambi\u00e9n rememora con calidez a Fabi\u00e1n Bergero, \u201crecuerdo cuando curs\u00e9 Redacci\u00f3n 2 era el momento en el que estaban las rondas aborteras, y si ca\u00eda un mi\u00e9rcoles -que era cuando curs\u00e1bamos la materia- \u00e9l nos daba la posibilidad de que faltemos a clase y vayamos a luchar por nuestros derechos. Eso es s\u00faper importante \u00a1Y adem\u00e1s muy coherente! Muy coherente con el tipo de educaci\u00f3n que \u00e9l nos quer\u00eda transmitir. Luchar no s\u00f3lo en las aulas, sino tambi\u00e9n en las calles. Ocuparlas \u00a1Y logramos conquistar ese derecho!\u201d.<\/span><\/p>\n<p><span style=\"font-weight: 400\">\u00a0\u00a0\u00a0\u00a0\u00a0La universidad y a la par el trabajo forjaron en cierta forma su personalidad, ya que se fue haciendo fuerte frente a las realidades que tuvo que enfrentar. La comunicadora afirma que la diferencia entre \u201cla Meli\u201d que entr\u00f3 a la carrera en 2016 y la Meli de hoy en d\u00eda ve una mujer con m\u00e1s herramientas para afrontar la vida, para afrontar las luchas y para justificar su ideolog\u00eda. \u201cVeo una Meli m\u00e1s fuerte y valiente\u201d.<\/span><\/p>\n<p><span style=\"font-weight: 400\">\u00a0\u00a0\u00a0\u00a0\u00a0La carrera de Comunicaci\u00f3n es un lugar que da la posibilidad de emanciparse en muchos sentidos, sobre todo a la hora de pensar como sujetos de la sociedad, reflexiona Melisa. \u201cCuando uno ingresa es rechiquito, 18 a\u00f1os. Muchos y muchas no est\u00e1n politizados y ac\u00e1 pod\u00e9s ver diversidad de miradas, diversidad de agrupaciones, y a partir de eso vas tomando tu posicionamiento. Y creo que eso es importante, te forja para el d\u00eda de ma\u00f1ana, no s\u00f3lo como trabajadora sino como sujeta de la sociedad\u201d. Para ella, la carrera de Comunicaci\u00f3n permite ver m\u00e1s all\u00e1 de lo que est\u00e1n diciendo los titulares y permite cuestionar si es cierto o no lo que se dice. \u201c\u00bfPor qu\u00e9 se retrata s\u00f3lo esta porci\u00f3n de la realidad? \u00bfqu\u00e9 nos dice? \u00bfa qui\u00e9n beneficia? \u00bfa qui\u00e9n no? Nos da la posibilidad de preguntarnos y de repreguntarnos\u201d. Por todos estos motivos, sigue eligiendo formarse en el \u00e1mbito de la Comunicaci\u00f3n Social: \u201cYo ya finalic\u00e9. Soy Licenciada y ahora quiero ser docente, porque esto me nutre, me enriquece, me da vida, y quiero seguir aport\u00e1ndole.\u201d<\/span><\/p>\n","protected":false},"excerpt":{"rendered":"<p>por Greta Oca\u00f1a Melisa Biaziso tiene 26 a\u00f1os, es Licenciada en Comunicaci\u00f3n Social con menci\u00f3n en Periodismo desde el 2023 y actualmente est\u00e1 estudiando el Profesorado en Comunicaci\u00f3n Social. En su transcurso por la carrera, desde 2016 hasta 2023, pudo desempe\u00f1arse como conductora, productora radial y televisiva en Canal 10, y tambi\u00e9n como redactora del [&hellip;]<\/p>\n","protected":false},"author":45,"featured_media":28,"comment_status":"open","ping_status":"open","sticky":false,"template":"","format":"standard","meta":{"_exactmetrics_skip_tracking":false,"_exactmetrics_sitenote_active":false,"_exactmetrics_sitenote_note":"","_exactmetrics_sitenote_category":0,"footnotes":""},"categories":[1],"tags":[15,12,13,17,7,10,11,14,6,16,9,8],"class_list":["post-27","post","type-post","status-publish","format-standard","has-post-thumbnail","hentry","category-sin-categoria","tag-50com","tag-comunicacion","tag-comunicacion-social","tag-educacion-publica","tag-estudiantes","tag-fadecs","tag-periodismo","tag-profesorado","tag-se-hace-camino","tag-unco","tag-uncoma","tag-universidad"],"jetpack_featured_media_url":"https:\/\/medialabpatagonia.org\/sehacecamino\/wp-content\/uploads\/sites\/17\/2024\/10\/WhatsApp-Image-2024-09-29-at-23.38.14.jpeg","_links":{"self":[{"href":"https:\/\/medialabpatagonia.org\/sehacecamino\/wp-json\/wp\/v2\/posts\/27","targetHints":{"allow":["GET"]}}],"collection":[{"href":"https:\/\/medialabpatagonia.org\/sehacecamino\/wp-json\/wp\/v2\/posts"}],"about":[{"href":"https:\/\/medialabpatagonia.org\/sehacecamino\/wp-json\/wp\/v2\/types\/post"}],"author":[{"embeddable":true,"href":"https:\/\/medialabpatagonia.org\/sehacecamino\/wp-json\/wp\/v2\/users\/45"}],"replies":[{"embeddable":true,"href":"https:\/\/medialabpatagonia.org\/sehacecamino\/wp-json\/wp\/v2\/comments?post=27"}],"version-history":[{"count":3,"href":"https:\/\/medialabpatagonia.org\/sehacecamino\/wp-json\/wp\/v2\/posts\/27\/revisions"}],"predecessor-version":[{"id":98,"href":"https:\/\/medialabpatagonia.org\/sehacecamino\/wp-json\/wp\/v2\/posts\/27\/revisions\/98"}],"wp:featuredmedia":[{"embeddable":true,"href":"https:\/\/medialabpatagonia.org\/sehacecamino\/wp-json\/wp\/v2\/media\/28"}],"wp:attachment":[{"href":"https:\/\/medialabpatagonia.org\/sehacecamino\/wp-json\/wp\/v2\/media?parent=27"}],"wp:term":[{"taxonomy":"category","embeddable":true,"href":"https:\/\/medialabpatagonia.org\/sehacecamino\/wp-json\/wp\/v2\/categories?post=27"},{"taxonomy":"post_tag","embeddable":true,"href":"https:\/\/medialabpatagonia.org\/sehacecamino\/wp-json\/wp\/v2\/tags?post=27"}],"curies":[{"name":"wp","href":"https:\/\/api.w.org\/{rel}","templated":true}]}}