{"id":23,"date":"2024-10-21T22:46:09","date_gmt":"2024-10-21T20:46:09","guid":{"rendered":"https:\/\/medialabpatagonia.org\/sehacecamino\/?p=23"},"modified":"2024-10-24T00:36:06","modified_gmt":"2024-10-23T22:36:06","slug":"comunicacion-social-me-enseno-a-ser-responsable-con-lo-que-digo-porque-siempre-del-otro-lado-hay-alguien-que-esta-escuchando","status":"publish","type":"post","link":"https:\/\/medialabpatagonia.org\/sehacecamino\/2024\/10\/21\/comunicacion-social-me-enseno-a-ser-responsable-con-lo-que-digo-porque-siempre-del-otro-lado-hay-alguien-que-esta-escuchando\/","title":{"rendered":"Fausto Casanova: \u201cComunicaci\u00f3n Social me ense\u00f1\u00f3 a ser responsable con lo que digo porque siempre del otro lado hay alguien que est\u00e1 escuchando\u201d"},"content":{"rendered":"<p><span style=\"font-weight: 400;\">por Greta Oca\u00f1a<\/span><\/p>\n<p><span style=\"font-weight: 400;\">Fausto Casanova tiene 25 a\u00f1os y comenz\u00f3 a formarse en Comunicaci\u00f3n Social en 2017. Es oriundo de la L\u00ednea Sur de R\u00edo Negro, precisamente de la ciudad de Ingeniero Jacobacci. Si bien lleg\u00f3 a General Roca sin saber qu\u00e9 iba a estudiar, no se arrepiente de su decisi\u00f3n y afirma: \u201cHoy encuentro a un hombre con m\u00e1s confianza, mucho m\u00e1s armado de conocimiento, que no tira ideas al voleo s\u00f3lo por opinar\u201d.<\/span><\/p>\n<p><span style=\"font-weight: 400;\">Es locutor y productor en el diario R\u00edo Negro, adem\u00e1s de ser redactor para la secci\u00f3n de Tendencias. En las ma\u00f1anas trabaja en un <\/span><i><span style=\"font-weight: 400;\">streaming <\/span><\/i><span style=\"font-weight: 400;\">informativo de 7 a 9. \u201cLa carrera te hace entender cuestiones que te llevan a hacer un an\u00e1lisis mucho m\u00e1s profundo de lo que puede hacer alguien que no estudi\u00f3 Comunicaci\u00f3n Social pero que s\u00ed trabaja en los medios. Desde ese lado agradezco siempre el paso por la universidad, sobre todo la universidad p\u00fablica\u201d, reflexion\u00f3.\u00a0<\/span><\/p>\n<p><span style=\"font-weight: 400;\">Sobre la articulaci\u00f3n entre su vida profesional y acad\u00e9mica confes\u00f3 que al principio le costaba comprender de qu\u00e9 le iban a servir, o qu\u00e9 estaba aprendiendo en materias que se le dificultaban. Sin embargo, tiempo despu\u00e9s entendi\u00f3 el \u201csustento te\u00f3rico tremendo que te dan para despu\u00e9s analizar todo lo que pasa, no s\u00f3lo de la comunicaci\u00f3n sino de cualquier otro \u00e1mbito\u201d. Sobre el plan de estudio de la carrera acot\u00f3: \u201cmaterias como antropolog\u00eda, sociolog\u00eda o econom\u00eda pol\u00edtica de la comunicaci\u00f3n te ayudan a comprender lo complejo que es el \u00e1mbito comunicacional. Lo complejo que es el lugar donde laburamos. Todas las estructuras jer\u00e1rquicas que hay. En ese sentido yo hago un balance de que todas las materias me sirvieron, no hay una que la haya cursado al pedo\u201d.<\/span><\/p>\n<p><b>Lo personal y lo laboral: El doble impacto transformador de la universidad<\/b><\/p>\n<p><span style=\"font-weight: 400;\">Para Fausto una de las cosas m\u00e1s valiosas que se lleva de la universidad y puntualmente del paso por\u00a0 la carrera de Comunicaci\u00f3n es el pensamiento cr\u00edtico: \u201cEl saber cr\u00edtico es la clave que te da la universidad p\u00fablica, que no te lo da el colegio y no se si te lo dan las universidades privadas\u201d.\u00a0<\/span><\/p>\n<p><span style=\"font-weight: 400;\">Comenta que entre aquella persona que entr\u00f3 en 2017 y la que es hoy en d\u00eda no encuentra muchas diferencias: \u201cs\u00ed encuentro m\u00e1s confianza, encuentro un hombre mucho m\u00e1s armado de conocimiento, que no tira ideas al voleo por opinar. En el programa de radio que hago si no hay nada que preguntar no pregunto, s\u00e9 que los silencios son tambi\u00e9n muy importantes\u201d.<\/span><\/p>\n<p><span style=\"font-weight: 400;\">Tambi\u00e9n hace \u00e9nfasis en la radio como un lugar donde no s\u00f3lo se habla sino que se escucha y respeta al otro: \u201cS\u00e9 que hay que valorar la opini\u00f3n de todos. Quiz\u00e1s uno viene con una idea muy m\u00ednima de lo que es hacer radio o trabajar en medios y se va de la universidad sabiendo que hay mucha responsabilidad con la informaci\u00f3n, entonces esa es otra clave que me ense\u00f1\u00f3 la universidad: ser responsable con lo que publicamos y con lo que decimos porque del otro lado hay alguien que nos est\u00e1 escuchando atentamente. Quieras o no siempre va a haber alguien que nos va a estar escuchando y que adem\u00e1s va a tener su opini\u00f3n\u201d.<\/span><\/p>\n<p><span style=\"font-weight: 400;\">Tres de las ense\u00f1anzas m\u00e1s valiosas que Fausto se lleva de su paso por la carrera se resumen en \u201crespetar la pluralidad de voces, saber que estamos informando y ser responsables a la hora de informar\u201d.<\/span><\/p>\n<p><b>Comunicar siempre fue lo m\u00edo<\/b><\/p>\n<p><span style=\"font-weight: 400;\">\u00bfPor qu\u00e9 la elecci\u00f3n de estudiar Comunicaci\u00f3n Social? \u201cTiene que ver con ir a lo que uno sabe hacer, a lo que uno conf\u00eda en que tiene una habilidad y a lo que uno siente que es m\u00e1s af\u00edn a su personalidad. Yo ten\u00eda que elegir una carrera ese a\u00f1o y termin\u00e9 eligiendo dos: durante 4 a\u00f1os hice a la par la licenciatura en M\u00fasica Popular y despu\u00e9s la tuve que dejar porque me puse a trabajar en periodismo que es donde me fue bien.\u201d, afirm\u00f3. La decisi\u00f3n de estudiar esta carrera era cuesti\u00f3n de tiempo: \u201cLa comunicaci\u00f3n era lo que m\u00e1s cerca ten\u00eda en todo sentido, siento que de chico me daba para esto aunque nunca haya hecho un test vocacional o tenido materias relacionadas a eso. Pero sab\u00eda que era lo m\u00e1s cercano a m\u00ed. La mayor\u00eda me dec\u00eda que daba para esta carrera, entonces me anot\u00e9 y le mand\u00e9\u00bb. Pero adem\u00e1s consider\u00f3 que \u00abM\u00e1s all\u00e1 de que uno pueda o no tener habilidades comunicativas, la Universidad lo que hace es potenciarte y engrosar todo ese conocimiento que vos ten\u00e9s, darle base, darle sustento, darle argumento.\u201d<\/span><\/p>\n<p><b>Por el pancho y la gaseosa\u2026 y la emancipaci\u00f3n\u00a0<\/b><\/p>\n<p><span style=\"font-weight: 400;\">Como muchos estudiantes, Fausto empez\u00f3 a trabajar y adquirir experiencia tempranamente: \u201cMis viejos ven\u00edan bancando a mi hermana que estaba estudiando ac\u00e1, era darle continuidad al proyecto de inversi\u00f3n de mi hermana y despu\u00e9s apostar a que yo tambi\u00e9n pueda estudiar. Sin embargo yo al segundo a\u00f1o de la carrera empec\u00e9 a buscar algunas changas porque sab\u00eda que no daba la guita para todos\u201d. Comenta que esta es una pol\u00edtica de vida que decidieron entre hermanos para \u201cdarle una mano a sus viejos\u201d. \u201cLaburemos, consigamos un trabajo porque no es barato estar ac\u00e1, alquilar y dem\u00e1s\u201d, fue la forma de pensar que ambos hermanos mantuvieron mientras estudiaban.<\/span><\/p>\n<p><span style=\"font-weight: 400;\">\u201cEmpec\u00e9 a cubrir canchas de f\u00fatbol. Con unos compa\u00f1eros nos dieron unos laburos por 2 mangos con 50. \u00cdbamos por el pancho y la gaseosa. Primero porque nos gustaba el f\u00fatbol y segundo porque \u00edbamos a conseguir experiencia, contactos y lo que todos te dicen. As\u00ed empezamos a trabajar. Y despu\u00e9s pas\u00e9 por otros lugares, pero m\u00e1s que nada para poder mantenerme ac\u00e1, yo no me quer\u00eda volver -a Jacobacci- porque sab\u00eda que iba a perder todo. All\u00e1 no iba a estudiar y a mi me gusta formarme en lo que hago, entonces el trabajo fue fundamental para poder sostenerme ac\u00e1 en Roca y poder seguir estudiando\u201d.<\/span><\/p>\n<p><b>Una mirada (auto)cr\u00edtica sobre la pol\u00edtica e ideales pol\u00edticos<\/b><\/p>\n<p><span style=\"font-weight: 400;\">Respecto a su paso por agrupaciones militantes y posiciones en torno a la pol\u00edtica en la universidad, Fausto record\u00f3: \u201cCuando llegu\u00e9 lo primero que me dijeron es \u2018no te metas en el centro de estudiantes\u2019, y un poco hice caso a eso, pero m\u00e1s que nada porque sent\u00eda muy politizadas las organizaciones, y no sent\u00eda que yo fuese parte. Dentro de mi personalidad siempre ha estado esto de ser objetivo -aunque casi nunca se logre porque somos subjetivos-. Me pasaba que encontraba mucho partidario de afuera y no de los problemas reales de la universidad\u201d.<\/span><\/p>\n<p><span style=\"font-weight: 400;\">Pero por otro lado, tambi\u00e9n reconoce haber abierto su mente y aceptar diferentes ideas que no se condicen con sus propios ideales: \u201cCreo que me form\u00e9 m\u00e1s en el paso por la carrera y pude ser mucho m\u00e1s cr\u00edtico respecto a mi mirada de la pol\u00edtica. Aunque ya ven\u00eda con una idea de entender un modelo econ\u00f3mico, un modelo pol\u00edtico y tener afinidad con ciertos modelos, la facultad me dio la posibilidad de no ser un termo b\u00e1sicamente\u201d. Dentro de la facultad se pueden encontrar pluralidad de voces, agrupaciones y movimientos, por lo que el periodista confiesa que tom\u00f3 un poco de cada uno, siendo flexible y sin cerrarse a una sola ideolog\u00eda: \u201cS\u00ed pas\u00e9 por muchos pensamientos en la carrera de decir m\u00e1s de izquierda menos de izquierda -nunca de derecha obviamente-. Pero pas\u00e9 por todos esos lados y ahora encuentro mi opini\u00f3n sabiendo criticar a la mayor\u00eda incluso cuando hacen las cosas bien quienes yo considero que no est\u00e1n en mis ideales. Trato de reconocer qu\u00e9 est\u00e1 bien entendiendo qu\u00e9 hacen mal las otras agrupaciones u los otros partidos pol\u00edticos.\u201d<\/span><\/p>\n","protected":false},"excerpt":{"rendered":"<p>por Greta Oca\u00f1a Fausto Casanova tiene 25 a\u00f1os y comenz\u00f3 a formarse en Comunicaci\u00f3n Social en 2017. Es oriundo de la L\u00ednea Sur de R\u00edo Negro, precisamente de la ciudad de Ingeniero Jacobacci. Si bien lleg\u00f3 a General Roca sin saber qu\u00e9 iba a estudiar, no se arrepiente de su decisi\u00f3n y afirma: \u201cHoy encuentro [&hellip;]<\/p>\n","protected":false},"author":45,"featured_media":24,"comment_status":"open","ping_status":"open","sticky":false,"template":"","format":"standard","meta":{"_exactmetrics_skip_tracking":false,"_exactmetrics_sitenote_active":false,"_exactmetrics_sitenote_note":"","_exactmetrics_sitenote_category":0,"footnotes":""},"categories":[1],"tags":[15,12,13,17,19,7,10,11,14,16,9,8],"class_list":["post-23","post","type-post","status-publish","format-standard","has-post-thumbnail","hentry","category-sin-categoria","tag-50com","tag-comunicacion","tag-comunicacion-social","tag-educacion-publica","tag-educacion-publica-y-gratuita","tag-estudiantes","tag-fadecs","tag-periodismo","tag-profesorado","tag-unco","tag-uncoma","tag-universidad"],"jetpack_featured_media_url":"https:\/\/medialabpatagonia.org\/sehacecamino\/wp-content\/uploads\/sites\/17\/2024\/10\/foto-vertical-Fausto-Casanova--scaled.jpg","_links":{"self":[{"href":"https:\/\/medialabpatagonia.org\/sehacecamino\/wp-json\/wp\/v2\/posts\/23","targetHints":{"allow":["GET"]}}],"collection":[{"href":"https:\/\/medialabpatagonia.org\/sehacecamino\/wp-json\/wp\/v2\/posts"}],"about":[{"href":"https:\/\/medialabpatagonia.org\/sehacecamino\/wp-json\/wp\/v2\/types\/post"}],"author":[{"embeddable":true,"href":"https:\/\/medialabpatagonia.org\/sehacecamino\/wp-json\/wp\/v2\/users\/45"}],"replies":[{"embeddable":true,"href":"https:\/\/medialabpatagonia.org\/sehacecamino\/wp-json\/wp\/v2\/comments?post=23"}],"version-history":[{"count":3,"href":"https:\/\/medialabpatagonia.org\/sehacecamino\/wp-json\/wp\/v2\/posts\/23\/revisions"}],"predecessor-version":[{"id":291,"href":"https:\/\/medialabpatagonia.org\/sehacecamino\/wp-json\/wp\/v2\/posts\/23\/revisions\/291"}],"wp:featuredmedia":[{"embeddable":true,"href":"https:\/\/medialabpatagonia.org\/sehacecamino\/wp-json\/wp\/v2\/media\/24"}],"wp:attachment":[{"href":"https:\/\/medialabpatagonia.org\/sehacecamino\/wp-json\/wp\/v2\/media?parent=23"}],"wp:term":[{"taxonomy":"category","embeddable":true,"href":"https:\/\/medialabpatagonia.org\/sehacecamino\/wp-json\/wp\/v2\/categories?post=23"},{"taxonomy":"post_tag","embeddable":true,"href":"https:\/\/medialabpatagonia.org\/sehacecamino\/wp-json\/wp\/v2\/tags?post=23"}],"curies":[{"name":"wp","href":"https:\/\/api.w.org\/{rel}","templated":true}]}}