{"id":228,"date":"2024-10-24T00:20:03","date_gmt":"2024-10-23T22:20:03","guid":{"rendered":"https:\/\/medialabpatagonia.org\/sehacecamino\/?p=228"},"modified":"2024-10-25T14:02:12","modified_gmt":"2024-10-25T12:02:12","slug":"mayra-diaz-la-posibilidad-de-estudiar-me-la-dio-la-unco","status":"publish","type":"post","link":"https:\/\/medialabpatagonia.org\/sehacecamino\/2024\/10\/24\/mayra-diaz-la-posibilidad-de-estudiar-me-la-dio-la-unco\/","title":{"rendered":"Mayra D\u00edaz: \u201cLa posibilidad de estudiar me la dio la Unco\u201d."},"content":{"rendered":"\n<p>Por <em>Abril Baeza<\/em><\/p>\n\n\n\n<p>Mayra D\u00edaz comenz\u00f3 la carrera Comunicaci\u00f3n Social en 2018 y hoy, con 27 a\u00f1os, est\u00e1 con las \u00faltimas materias. No fue su primera opci\u00f3n, antes hab\u00eda hecho tres a\u00f1os de Administraci\u00f3n de Empresas. Pronto se dio cuenta que su sue\u00f1o era ser periodista y tomar fotograf\u00edas.&nbsp;<\/p>\n\n\n\n<p><strong>\u201cSoy una persona que, si yo tengo algo para decir, vos me vas a escuchar. No por imposici\u00f3n, sino por respeto<\/strong>\u00ab.<\/p>\n\n\n\n<p>Naci\u00f3 en Villa Regina y, por cercan\u00eda, eligi\u00f3 estudiar la licenciatura en Administraci\u00f3n de Empresas. \u201cSiempre me gust\u00f3 la idea de trabajar en medios de comunicaci\u00f3n, de ser periodista\u201d coment\u00f3, para explicar la decisi\u00f3n de cambiar de carrera. Con la mente pensando en Comunicaci\u00f3n Social, nuevamente por cuesti\u00f3n de proximidad, eligi\u00f3 estudiar en la Unco:, \u201clo que me motiv\u00f3 a entrar a una universidad p\u00fablica fue la cercan\u00eda, y que mis padres ten\u00edan la posibilidad de costear.\u201d No le import\u00f3 la salida laboral: \u201cme recibir\u00e9, trabajar\u00e9 o de alguna forma me la ingeniar\u00e9\u201d.<\/p>\n\n\n\n<p><strong>\u201cSiempre me consider\u00e9 una persona curiosa, que siempre estaba interesada por saber, por investigar.\u201d<\/strong>&nbsp;<\/p>\n\n\n\n<p>\u201cAm\u00e9 a la universidad desde que entr\u00e9\u201d. La anterior universidad, no ten\u00eda un edificio propio: \u201cno exist\u00eda ese sentido de pertenencia\u201d hacia la UNRN. Ese sentido lo pudo desarrollar al comenzar a cursar en la Unco: \u201ccuando entr\u00e9 al campus de la Fadecs, vi que hab\u00eda una biblioteca al lado del edificio viejo, que hab\u00eda un parque, que hab\u00eda cancha, que hab\u00eda lugares para habitar, para estar. Qued\u00e9 enamorada de la Fadecs\u00bb.<\/p>\n\n\n\n<p>El primer cuatrimestre lo curs\u00f3 yendo y viniendo desde Regina hasta Roca en colectivo. Por el cansancio e intensidad que le gener\u00f3 la cursada, se mud\u00f3 cerca de la universidad. \u201cTen\u00eda 21 a\u00f1os cuando me mud\u00e9. Toda la emoci\u00f3n de decir \u2018<em>wow voy a vivir sola<\/em>\u2019, pero me cost\u00f3 no tener a mi familia, llegar a casa y que no te espere nadie. Aprender a convivir con la soledad\u201d. Aprovechaba los fines de semana para ver a su familia, pero tambi\u00e9n rescata lo positivo: \u201clo bueno de la universidad es que cuando transcurre el tiempo te vas haciendo tu grupo de estudio. Conoc\u00e9s compa\u00f1eros, vas a su casa, los invitas a la tuya.\u201d Tener amigos hizo que se sintiera menos sola en la ciudad, adem\u00e1s de que siempre fue una persona muy independiente.&nbsp;<\/p>\n\n\n\n<p>Interpretaba a la Comunicaci\u00f3n como una cuesti\u00f3n meramente ligada a los medios. Al transitar la carrera, se dio cuenta de que es mucho m\u00e1s que eso: \u201chay muchas m\u00e1s ramas de la Comunicaci\u00f3n en que una se puede introducir. Vas viendo todo desde un perfil con m\u00e1s conciencia social, ver diferentes realidades sociales y formas distintas de pensar\u201d.<\/p>\n\n\n\n<p><strong>\u201cEsta universidad tiene por excelencia lo que es el material de investigaci\u00f3n, a m\u00ed me dej\u00f3 impactada\u201d<\/strong>.<\/p>\n\n\n\n<p>Siempre fue adherente al Miles y comenz\u00f3 a militar cuando termin\u00f3 la pandemia. \u201cEstando adentro de la agrupaci\u00f3n, descubr\u00ed que tus propias ideas son valiosas, y que se pueden traducir en pol\u00edtica para mejorar la calidad de vida de los estudiantes. Siento que militar es dejarle un poco de lo que a m\u00ed me dio la facultad a las generaciones futuras\u201d. Consider\u00f3 que es importante que el estudiante pueda tener y desarrollar una visi\u00f3n cr\u00edtica de la realidad social inmediata, adem\u00e1s de que pueda introducirse a la vida pol\u00edtica. No solamente se consigue militando, sino tambi\u00e9n a trav\u00e9s de las pr\u00e1cticas y de aprender de los profesores con vasta experiencia. \u201cLa pol\u00edtica estudiantil es poder militar para y por los estudiantes, para que ma\u00f1ana sean m\u00e1s personas que puedan permanecer en la universidad y recibirse\u00bb dice.<\/p>\n\n\n\n<p>Volver de la pandemia fue un momento duro: \u201cver muchas caras nuevas, compa\u00f1eros que ya se recibieron, me sent\u00eda como un sapo de otro pozo. Miles me dio esa forma de volver a meterme en la universidad, me mantuvo en la facultad cuando fue tan dif\u00edcil volver del confinamiento.\u201d Recuerda que: \u00ablo dif\u00edcil estaba en pocas personas que hab\u00eda, la universidad no estaba tan poblada como ahora y hab\u00eda muchos bancos vac\u00edos en las clases\u00bb.<\/p>\n\n\n\n<p><strong>\u201cSi bien no me recib\u00ed, estoy cursando las materias que puedo en el tiempo que puedo. Pero sigo insistiendo, sigo estudiando, sigo viniendo, sigo estando en la facultad porque quiero cumplir ese sue\u00f1o de ser primera generaci\u00f3n de universitarios\u201d<\/strong>.<\/p>\n\n\n\n<p>\u201cMi familia es de clase trabajadora y la posibilidad de estudiar me la dio la Unco. Para m\u00ed la universidad p\u00fablica lo es todo. Ac\u00e1 me pude formar, ac\u00e1 hice mis amigos, ac\u00e1 conect\u00e9 con profesores muy formados, que transmiten ese conocimiento cr\u00edtico de la realidad. La Unco me dio la oportunidad de tener un trabajo estable. Esto es lo que significa la universidad p\u00fablica para m\u00ed, el ascenso social de mi vida y de mi familia.\u201d Quiere recibirse porque tambi\u00e9n quiere demostrar a las pr\u00f3ximas generaciones de que pueden ser formados en la universidad p\u00fablica, que es educaci\u00f3n de excelencia.<\/p>\n\n\n\n<p>Actualmente trabaja en el Diario R\u00edo Negro: \u201cNo me percibo como periodista, menos como periodista deportiva. El d\u00eda en que me perciba as\u00ed va a ser cuando est\u00e9 recibida\u00bb.<\/p>\n\n\n\n<p><\/p>\n","protected":false},"excerpt":{"rendered":"<p>Por Abril Baeza Mayra D\u00edaz comenz\u00f3 la carrera Comunicaci\u00f3n Social en 2018 y hoy, con 27 a\u00f1os, est\u00e1 con las \u00faltimas materias. No fue su primera opci\u00f3n, antes hab\u00eda hecho tres a\u00f1os de Administraci\u00f3n de Empresas. Pronto se dio cuenta que su sue\u00f1o era ser periodista y tomar fotograf\u00edas.&nbsp; \u201cSoy una persona que, si yo [&hellip;]<\/p>\n","protected":false},"author":43,"featured_media":230,"comment_status":"open","ping_status":"open","sticky":false,"template":"","format":"standard","meta":{"_exactmetrics_skip_tracking":false,"_exactmetrics_sitenote_active":false,"_exactmetrics_sitenote_note":"","_exactmetrics_sitenote_category":0,"footnotes":""},"categories":[1],"tags":[15,35,39,34,33,12,70,72,10,11,69,16],"class_list":["post-228","post","type-post","status-publish","format-standard","has-post-thumbnail","hentry","category-sin-categoria","tag-50com","tag-comunicacionsocial","tag-generalroca","tag-sehacecamino","tag-soycom","tag-comunicacion","tag-comunicador","tag-educacionpublica-3","tag-fadecs","tag-periodismo","tag-periodistadeportivo","tag-unco"],"jetpack_featured_media_url":"https:\/\/medialabpatagonia.org\/sehacecamino\/wp-content\/uploads\/sites\/17\/2024\/10\/Diaz-e1729857720608.jpg","_links":{"self":[{"href":"https:\/\/medialabpatagonia.org\/sehacecamino\/wp-json\/wp\/v2\/posts\/228","targetHints":{"allow":["GET"]}}],"collection":[{"href":"https:\/\/medialabpatagonia.org\/sehacecamino\/wp-json\/wp\/v2\/posts"}],"about":[{"href":"https:\/\/medialabpatagonia.org\/sehacecamino\/wp-json\/wp\/v2\/types\/post"}],"author":[{"embeddable":true,"href":"https:\/\/medialabpatagonia.org\/sehacecamino\/wp-json\/wp\/v2\/users\/43"}],"replies":[{"embeddable":true,"href":"https:\/\/medialabpatagonia.org\/sehacecamino\/wp-json\/wp\/v2\/comments?post=228"}],"version-history":[{"count":3,"href":"https:\/\/medialabpatagonia.org\/sehacecamino\/wp-json\/wp\/v2\/posts\/228\/revisions"}],"predecessor-version":[{"id":270,"href":"https:\/\/medialabpatagonia.org\/sehacecamino\/wp-json\/wp\/v2\/posts\/228\/revisions\/270"}],"wp:featuredmedia":[{"embeddable":true,"href":"https:\/\/medialabpatagonia.org\/sehacecamino\/wp-json\/wp\/v2\/media\/230"}],"wp:attachment":[{"href":"https:\/\/medialabpatagonia.org\/sehacecamino\/wp-json\/wp\/v2\/media?parent=228"}],"wp:term":[{"taxonomy":"category","embeddable":true,"href":"https:\/\/medialabpatagonia.org\/sehacecamino\/wp-json\/wp\/v2\/categories?post=228"},{"taxonomy":"post_tag","embeddable":true,"href":"https:\/\/medialabpatagonia.org\/sehacecamino\/wp-json\/wp\/v2\/tags?post=228"}],"curies":[{"name":"wp","href":"https:\/\/api.w.org\/{rel}","templated":true}]}}