{"id":187,"date":"2024-10-24T00:21:55","date_gmt":"2024-10-23T22:21:55","guid":{"rendered":"https:\/\/medialabpatagonia.org\/sehacecamino\/?p=187"},"modified":"2024-10-25T14:03:24","modified_gmt":"2024-10-25T12:03:24","slug":"facundo-rumene-para-mi-la-libertad-de-vivir-fue-estudiar-comunicacion","status":"publish","type":"post","link":"https:\/\/medialabpatagonia.org\/sehacecamino\/2024\/10\/24\/facundo-rumene-para-mi-la-libertad-de-vivir-fue-estudiar-comunicacion\/","title":{"rendered":"Facundo Rumene: \u201cPara m\u00ed, la libertad de vivir fue estudiar Comunicaci\u00f3n\u201d"},"content":{"rendered":"\n<p><a href=\"https:\/\/medialabpatagonia.org\/sehacecamino\/2024\/10\/24\/facundo-rumene-para-mi-la-libertad-de-vivir-fue-estudiar-comunicacion\/?preview=true&amp;_thumbnail_id=214\">Previsualizar en nueva pesta\u00f1a<\/a><\/p>\n\n\n\n<p class=\"has-medium-font-size\">Por <em>Abril Baeza<\/em><\/p>\n\n\n\n<p><\/p>\n\n\n\n<p style=\"font-style:normal;font-weight:300\">Facundo Rumene inici\u00f3 su paso por la universidad en el 2008, a los 18 a\u00f1os. Lleg\u00f3 a la ciudad sin conocer nada, ni a nadie, solamente con la mirada puesta en perseguir una pasi\u00f3n. \u201cYo pens\u00e9 en mi felicidad\u201d afirm\u00f3 orgulloso de su elecci\u00f3n y convicci\u00f3n.&nbsp;&nbsp;<\/p>\n\n\n\n<p style=\"font-style:normal;font-weight:300\">Naci\u00f3 en Jun\u00edn de los Andes. Cuando era un ni\u00f1o de 6 a\u00f1os, recuerda hacerles entrevistas a sus vecinos. Luego, unos a\u00f1os m\u00e1s tarde, tuvo su primera experiencia con los medios saliendo en la radio con una transmisi\u00f3n deportiva. \u201cA partir de ah\u00ed siempre supe lo que quer\u00eda estudiar\u201d coment\u00f3, siempre se vio a s\u00ed mismo como comunicador.&nbsp;<\/p>\n\n\n\n<p style=\"font-style:normal;font-weight:300\">Sus padres decidieron que lo mejor ser\u00eda estudiar en Roca, por la cuesti\u00f3n de la cercan\u00eda a su lugar de origen. \u00c9l tambi\u00e9n lo quer\u00eda as\u00ed, quer\u00eda vivir solo, hacer su vida y tomar sus propias decisiones. Quer\u00eda tener esa libertad de vivir, de tener aciertos, de cometer errores.<\/p>\n\n\n\n<p style=\"font-style:italic;font-weight:900\"><strong>\u201cMi paso por la universidad me dej\u00f3 experiencia, amigos, y el ejemplo de la gente como la que no quiero ser\u201d<\/strong>.<\/p>\n\n\n\n<p style=\"font-style:normal;font-weight:300\">Lleg\u00f3 a General Roca solo, no conoc\u00eda a nadie: \u201ctoda la gente que vi el primer d\u00eda, fue la primera vez que la vi en mi vida\u201d, a \u00e9l le result\u00f3 un cambio fuerte, que cambi\u00f3 su forma de ser. \u201cPoder vivir eso, gracias a mis viejos, es lo que me hace lo que soy hoy\u201d. Este cambio de ciudad, junto con la posibilidad de elegir lo que quer\u00eda ser, le hace sentir que tiene muy poco que reprocharse por su decisi\u00f3n. Est\u00e1 muy agradecido a la vida que sus padres le dieron: \u201cmis viejos me dejaron, y me dejan, un mont\u00f3n de capital cultural, y eso es parte de darme la libertad\u201d.&nbsp;<\/p>\n\n\n\n<p style=\"font-style:normal;font-weight:300\">\u201cLo mejor es la incomodidad de ir a un lugar en donde no sabes qu\u00e9 carajos puede pasar\u201d afirma. Sumado a esto, su paso por la universidad tambi\u00e9n se vio marcado por la militancia, que la considera igual o m\u00e1s importante que una cursada. Para \u00e9l, la militancia ense\u00f1a cosas para la vida que no se aprenden en ning\u00fan otro lado: \u201cpara m\u00ed, es parte de hacer el \u2018clic\u2019 de dejar de ser un nene, y empezar a ser un joven, para despu\u00e9s ser un adulto\u201d.<\/p>\n\n\n\n<p style=\"font-style:italic;font-weight:900\"><strong>\u201cSi yo pudiera elegir una forma de vivir en el pa\u00eds, elegir\u00eda que todos pudieran pasar por la universidad. Creo que es uno de los mayores actos de justicia social que puede existir\u201d.&nbsp;<\/strong><\/p>\n\n\n\n<p style=\"font-style:normal;font-weight:300\">La elecci\u00f3n por una universidad p\u00fablica no es un detalle menor. Sus padres tambi\u00e9n estudiaron en facultades de estas caracter\u00edsticas: \u201cSiempre consideraron que el \u00e1mbito de la escuela p\u00fablica te ense\u00f1a no solamente desde lo acad\u00e9mico sino para la vida. En la universidad p\u00fablica el t\u00edtulo no se compra\u201d. Cree, tambi\u00e9n, que la exigencia de estas instituciones es, y sigue siendo, superior.<\/p>\n\n\n\n<p style=\"font-style:italic;font-weight:900\"><strong>\u201cYo viene ac\u00e1 a estudiar una carrera que me hiciera feliz. Yo pens\u00e9<\/strong><strong> <\/strong><strong>en mi felicidad, no pens\u00e9<\/strong><strong> <\/strong><strong>en la plata. Creo que si uno estudia comunicaci\u00f3n no <\/strong><strong>piensa <\/strong><strong>en la plata. Se tiene que <\/strong><strong>pensar <\/strong><strong>en el oficio, en la pasi\u00f3n\u201d.<\/strong><\/p>\n\n\n\n<p style=\"font-style:normal;font-weight:300\">Nunca se imagin\u00f3 a si mismo haciendo otra cosa que no fuera comunicando. \u201cNac\u00ed para comunicar y me voy a morir comunicando\u201d sostiene firmemente. No hizo otra carrera antes, aunque si dud\u00f3 entre Comunicaci\u00f3n y Ciencias Pol\u00edticas. Tampoco est\u00e1 del todo orgulloso de su recorrido por la facultad: en 2014 dej\u00f3 de cursar, no termin\u00f3 la carrera. \u201cEl paso por la universidad la vivo como una etapa terminada. Me cuesta proyectarme de vuelta como estudiante universitario\u201d. La universidad le dio mucho, principalmente experiencia y amigos, lo bueno y lo malo de vivir una vida distinta, de tomar decisiones. Siente que ya la universidad le dio lo que le dio, y \u00e9l a cambio le dio su tiempo.<\/p>\n\n\n\n<p style=\"font-style:normal;font-weight:300\">A pesar de no poseer un t\u00edtulo que lo certifique como Comunicador, no siente que sea algo primordial: \u201cen la comunicaci\u00f3n, si vos sos bueno, no necesitas el t\u00edtulo. Es un gran problema y una gran ventaja que tiene la comunicaci\u00f3n\u201d. Tambi\u00e9n explica que, al momento de presentarse, aclara siempre que \u00e9l es bachiller con paso por la universidad. Su curriculum es experiencia pura. Actualmente trabaja en LMNeuquen como jefe de Deportes Web, y est\u00e1 muy contento de decir que la empresa lo fue a buscar espec\u00edficamente a \u00e9l de su antiguo trabajo. \u201cPara m\u00ed, lo fundamental no es el t\u00edtulo, sino la pasi\u00f3n y la entrega que vos tengas. El t\u00edtulo no condiciona. Yo creo que lo que te condiciona es si vos tenes pasi\u00f3n y oficio\u201d.<\/p>\n\n\n\n<p style=\"font-style:italic;font-weight:900\"><strong>\u201cYo primero soy comunicador, despu\u00e9s soy periodista deportivo\u201d<\/strong>.<\/p>\n\n\n\n<p style=\"font-style:normal;font-weight:300\">Tiene conocimiento del mundo por fuera de lo que pase dentro de una cancha. Le gusta el mundo pol\u00edtico y econ\u00f3mico, que tambi\u00e9n se ve reflejado en el deporte. Para \u00e9l, el periodista deportivo est\u00e1 muy subestimado y dejado de lado: \u201ces el \u00faltimo orej\u00f3n del tarro en la consideraci\u00f3n social y sobre todo de los colegas\u201d. Tambi\u00e9n opina que hay envidia hacia el periodista que trabaja donde la gente se divierte. \u201cEs divertido nuestro trabajo, es entretenido, es algo lindo, agradable, adrenal\u00ednico\u201d.<\/p>\n\n\n\n<p style=\"font-style:normal;font-weight:300\">Sigue en contacto con los amigos que hizo en la universidad porque juntos construyeron recuerdos. Frente a esto, afirma que: \u201cEn la universidad se construyen recuerdos. La universidad es como una relaci\u00f3n, por m\u00e1s que termines ese periodo, el recuerdo ya est\u00e1 construido y eso no se puede borrar\u201d. Piensa en que la universidad te hace tomar decisiones, donde acert\u00e1s o te equivocas, los errores los pagas y los aciertos los disfrutas.<\/p>\n\n\n\n<p style=\"font-style:normal;font-weight:300\">Tambi\u00e9n la universidad te ense\u00f1a a que las cosas que haces las tenes que sentir. \u201cSi vos no sent\u00eds lo que haces, es muy dif\u00edcil que lleves tu vida adelante de una manera m\u00e1s o menos sana\u201d, est\u00e1 relacionado a la pasi\u00f3n que tiene que tener el comunicador para con el oficio.<\/p>\n","protected":false},"excerpt":{"rendered":"<p>Previsualizar en nueva pesta\u00f1a Por Abril Baeza Facundo Rumene inici\u00f3 su paso por la universidad en el 2008, a los 18 a\u00f1os. Lleg\u00f3 a la ciudad sin conocer nada, ni a nadie, solamente con la mirada puesta en perseguir una pasi\u00f3n. \u201cYo pens\u00e9 en mi felicidad\u201d afirm\u00f3 orgulloso de su elecci\u00f3n y convicci\u00f3n.&nbsp;&nbsp; Naci\u00f3 en [&hellip;]<\/p>\n","protected":false},"author":43,"featured_media":214,"comment_status":"open","ping_status":"open","sticky":false,"template":"","format":"standard","meta":{"_exactmetrics_skip_tracking":false,"_exactmetrics_sitenote_active":false,"_exactmetrics_sitenote_note":"","_exactmetrics_sitenote_category":0,"footnotes":""},"categories":[1],"tags":[35,39,33,25,12,70,71,10,11,69,68,16],"class_list":["post-187","post","type-post","status-publish","format-standard","has-post-thumbnail","hentry","category-sin-categoria","tag-comunicacionsocial","tag-generalroca","tag-soycom","tag-50com-2","tag-comunicacion","tag-comunicador","tag-educacionpublica-2","tag-fadecs","tag-periodismo","tag-periodistadeportivo","tag-sehacecamino-2","tag-unco"],"jetpack_featured_media_url":"https:\/\/medialabpatagonia.org\/sehacecamino\/wp-content\/uploads\/sites\/17\/2024\/10\/rumene-scaled-e1729857794518.jpg","_links":{"self":[{"href":"https:\/\/medialabpatagonia.org\/sehacecamino\/wp-json\/wp\/v2\/posts\/187","targetHints":{"allow":["GET"]}}],"collection":[{"href":"https:\/\/medialabpatagonia.org\/sehacecamino\/wp-json\/wp\/v2\/posts"}],"about":[{"href":"https:\/\/medialabpatagonia.org\/sehacecamino\/wp-json\/wp\/v2\/types\/post"}],"author":[{"embeddable":true,"href":"https:\/\/medialabpatagonia.org\/sehacecamino\/wp-json\/wp\/v2\/users\/43"}],"replies":[{"embeddable":true,"href":"https:\/\/medialabpatagonia.org\/sehacecamino\/wp-json\/wp\/v2\/comments?post=187"}],"version-history":[{"count":5,"href":"https:\/\/medialabpatagonia.org\/sehacecamino\/wp-json\/wp\/v2\/posts\/187\/revisions"}],"predecessor-version":[{"id":272,"href":"https:\/\/medialabpatagonia.org\/sehacecamino\/wp-json\/wp\/v2\/posts\/187\/revisions\/272"}],"wp:featuredmedia":[{"embeddable":true,"href":"https:\/\/medialabpatagonia.org\/sehacecamino\/wp-json\/wp\/v2\/media\/214"}],"wp:attachment":[{"href":"https:\/\/medialabpatagonia.org\/sehacecamino\/wp-json\/wp\/v2\/media?parent=187"}],"wp:term":[{"taxonomy":"category","embeddable":true,"href":"https:\/\/medialabpatagonia.org\/sehacecamino\/wp-json\/wp\/v2\/categories?post=187"},{"taxonomy":"post_tag","embeddable":true,"href":"https:\/\/medialabpatagonia.org\/sehacecamino\/wp-json\/wp\/v2\/tags?post=187"}],"curies":[{"name":"wp","href":"https:\/\/api.w.org\/{rel}","templated":true}]}}