{"id":125,"date":"2024-10-23T16:07:36","date_gmt":"2024-10-23T14:07:36","guid":{"rendered":"https:\/\/medialabpatagonia.org\/sehacecamino\/?p=125"},"modified":"2024-10-23T19:33:56","modified_gmt":"2024-10-23T17:33:56","slug":"te-abre-los-ojos-el-paso-de-marta-dominguez-por-la-carrera-de-comunicacion-social","status":"publish","type":"post","link":"https:\/\/medialabpatagonia.org\/sehacecamino\/2024\/10\/23\/te-abre-los-ojos-el-paso-de-marta-dominguez-por-la-carrera-de-comunicacion-social\/","title":{"rendered":"\u201cTe abre los ojos\u201d: El paso de Marta Dom\u00ednguez por la carrera de Comunicaci\u00f3n Social"},"content":{"rendered":"\n<p class=\"has-text-align-right has-medium-font-size\" style=\"font-style:normal;font-weight:300\"><em>Por Constansa Ramos<\/em><\/p>\n\n\n\n<p class=\"has-medium-font-size\" style=\"font-style:normal;font-weight:300\"><span style=\"font-weight: 400;\">Cuando en el a\u00f1o 2003 Marta Dom\u00ednguez entr\u00f3 por primera vez al edificio nuevo de la Fadecs, donde se encontraban las aulas en las que cursaba el primer a\u00f1o de Comunicaci\u00f3n Social, ten\u00eda 40 a\u00f1os. Para muchos, ya ten\u00eda su vida resuelta: una carrera como docente y una familia establecida, pero las ganas de seguir form\u00e1ndose y aprendiendo se sobrepusieron a las comodidades de su cotidianidad y estas ganas de seguir creciendo laboral y acad\u00e9micamente, se convirtieron en una experiencia que le abri\u00f3 los ojos a nuevas realidades, ampliando su visi\u00f3n del mundo. Marta se embarc\u00f3 en un recorrido de m\u00e1s de 20 a\u00f1os en una carrera que le permiti\u00f3 descubrir otras perspectivas y conectarse con distintas formas de participaci\u00f3n social, historia y pol\u00edtica.&nbsp;<\/span><\/p>\n\n\n\n<p class=\"has-medium-font-size\" style=\"font-style:normal;font-weight:300\"><span style=\"font-weight: 400;\">Ese a\u00f1o, su hijo mayor comenzaba su recorrido universitario, lo que la llev\u00f3 a pensar en la posibilidad de retomar el propio. Si bien en un principio la intenci\u00f3n era estudiar Psicolog\u00eda en Cipolletti, el cierre de las inscripciones antes de que pudiera anotarse, la llev\u00f3 a probar suerte en la carrera de Comunicaci\u00f3n Social. Lo que comenz\u00f3 como una oportunidad de seguir creciendo.<\/span><\/p>\n\n\n\n<p class=\"has-medium-font-size\" style=\"font-style:normal;font-weight:300\"><span style=\"font-weight: 400;\">Durante su primer a\u00f1o como estudiante, sinti\u00f3 el temor y los nervios de adentrarse a un espacio nuevo y compartir con compa\u00f1eros de clase reci\u00e9n salidos de la escuela secundaria. Sin embargo, logr\u00f3 sentirse acompa\u00f1ada, <\/span><i><span style=\"font-weight: 400;\">\u201cese a\u00f1o \u00e9ramos un mont\u00f3n, ocupamos el aula grande y \u00e9ramos mucha gente. Hab\u00edamos formado un grupo de 6 o 7 personas de m\u00e1s de 40 a\u00f1os. Leyeron un texto y yo dije \u2018que bien que escribe este chico\u2019, y resulta que era una se\u00f1ora de m\u00e1s de 60 a\u00f1os, \u00a1no sabes lo que escrib\u00eda!\u201d<\/span><\/i><span style=\"font-weight: 400;\">, recuerda con cari\u00f1o a la gente que conoci\u00f3 en esos primeros momentos.<\/span><\/p>\n\n\n\n<p class=\"has-medium-font-size\" style=\"font-style:normal;font-weight:300\"><span style=\"font-weight: 400;\">La diferencia de edad con el resto de sus compa\u00f1eros, es un tema que todos los a\u00f1os preocupa a Marta, incluso hoy, al pensar en las materias que le faltan para recibirse, vuelve a preguntarse:<\/span><i><span style=\"font-weight: 400;\">\u201c\u00bfLe van a dar bolilla a una vieja de \u201860?\u201d<\/span><\/i><span style=\"font-weight: 400;\">. Pero pese a estos pensamientos, Marta se encuentra con otra realidad dentro de las aulas, ya que los estudiantes de comunicaci\u00f3n no solo le dan un espacio, sino que tambi\u00e9n la ayudan cuando lo necesita. <\/span><i><span style=\"font-weight: 400;\">\u201c\u00daltimamente estos grupos fueron excelentes, el contacto que hicimos, y eso que a m\u00ed me cuesta por la edad. Pens\u00e9 que me iba a costar integrarme y todo, yo casi 60 y ellos 20, pero no pas\u00f3\u201d, <\/span><\/i><span style=\"font-weight: 400;\">cuenta<\/span><i><span style=\"font-weight: 400;\">.<\/span><\/i><\/p>\n\n\n\n<p class=\"has-medium-font-size\" style=\"font-style:normal;font-weight:300\"><span style=\"font-weight: 400;\">Entre las personas que m\u00e1s la marcaron y acompa\u00f1aron en su camino por la carrera, adem\u00e1s de sus compa\u00f1eros, Marta menciona a sus profesores, en los cuales encuentra una cualidad especial: la pasi\u00f3n. \u201c<\/span><i><span style=\"font-weight: 400;\">Ten\u00e9s que tener pasi\u00f3n, vos te das cuenta cuando el profesor va a cumplir horario o va a dar clases con pasi\u00f3n. Lucrecia Reta lo ten\u00eda por ejemplo, en Semi\u00f3tica tambi\u00e9n ten\u00edamos a Nelly Sosa, muchos ten\u00edan eso: la pasi\u00f3n.&nbsp;<\/span><\/i><\/p>\n\n\n\n<p class=\"has-medium-font-size\" style=\"font-style:normal;font-weight:300\"><span style=\"font-weight: 400;\">Lucrecia Reta ocupa un lugar en especial en la memoria de Marta, la cual es tan apasionada por las letras y la literatura como su antigua profesora. Rememorando aquellos momentos que la hicieron enamorarse de la carrera, Dom\u00ednguez recuerda con emoci\u00f3n uno en especial: \u201c<\/span><i><span style=\"font-weight: 400;\">Un recuerdo feliz que tengo es cuando hicimos un libro con Lucrecia Reta. Era fan\u00e1tica de lengua y literatura, y a m\u00ed me encantaba&nbsp; tener clases con ella porque amaba lengua. Entonces dijo \u2018Bueno vamos a hacer un libro\u2019, seleccionamos distintos cuentos que salieron en ese libro y le pusimos \u201cNadar contra la corriente: Los salmones del aula 33, el nombre del aula en la que curs\u00e1bamos (&#8230;). Ese libro lo publicamos y lo tengo todav\u00eda guardadito\u00bb<\/span><\/i><span style=\"font-weight: 400;\">.<\/span><\/p>\n\n\n\n<p class=\"has-medium-font-size\" style=\"font-style:normal;font-weight:300\"><span style=\"font-weight: 400;\">La carrera era diferente a lo que ella hab\u00eda vivido en su primer experiencia en el nivel superior<\/span><i><span style=\"font-weight: 400;\">,<\/span><\/i><span style=\"font-weight: 400;\"> ya que esta:<\/span><i><span style=\"font-weight: 400;\"> \u201cte cambia la mirada much\u00edsimo, a m\u00ed me abri\u00f3 mucho m\u00e1s los ojos en especial con cosas que en el instituto de Formaci\u00f3n Docente no hac\u00edamos, m\u00e1s desde la participaci\u00f3n social, saber historia, pol\u00edtica. Todo eso me sirvi\u00f3 mucho.\u201d<\/span><\/i><\/p>\n\n\n\n<p class=\"has-medium-font-size\" style=\"font-style:normal;font-weight:300\"><span style=\"font-weight: 400;\">La Comunicaci\u00f3n Social <\/span><i><span style=\"font-weight: 400;\">\u201cTe abre mucho m\u00e1s la mente.\u201d<\/span><\/i><span style=\"font-weight: 400;\">&#8211; dice- <\/span><i><span style=\"font-weight: 400;\">\u201cMe encant\u00f3 porque es como que ten\u00e9s contacto con distintos espacios sociales.\u201d<\/span><\/i><\/p>\n\n\n\n<p class=\"has-medium-font-size\" style=\"font-style:normal;font-weight:300\"><i><span style=\"font-weight: 400;\">\u201cYo creo que si est\u00e1s estudiando comunicaci\u00f3n, la mayor\u00eda busca un cambio en la sociedad y despu\u00e9s est\u00e1 esto que te dec\u00eda, creo que todos tienen que tener esa capacidad de querer investigar querer saber m\u00e1s, si no te quedas\u201d, r<\/span><\/i><span style=\"font-weight: 400;\">eflexiona al pensar en los estudiantes de comunicaci\u00f3n.<\/span><\/p>\n\n\n\n<p class=\"has-medium-font-size\" style=\"font-style:normal;font-weight:300\"><span style=\"font-weight: 400;\">Tan dif\u00edcil como puede resultar empezar una carrera universitaria despu\u00e9s de los 30 a\u00f1os, probablemente resulte todav\u00eda m\u00e1s dif\u00edcil continuarla: \u201c<\/span><i><span style=\"font-weight: 400;\">De ese grupo de gente grande que empez\u00f3 conmigo, creo que yo soy la \u00fanica que contin\u00faa. Todos abandonaron\u201d, <\/span><\/i><span style=\"font-weight: 400;\">menciona. De los 21 a\u00f1os que lleva en la carrera, solamente en 5 no curs\u00f3 ninguna materia. El resto de los 16 a\u00f1os, Marta no dejaba de cursar, de estudiar, de rendir y avanzar. Nunca rindi\u00f3 libre, siempre estuvo presente en cada materia y se presentaba a finales tan pronto como pod\u00eda, pero no es hasta ahora que reconoce su enorme esfuerzo, <\/span><i><span style=\"font-weight: 400;\">\u201cYo ten\u00eda que planificar las clases para mis alumnos, y despu\u00e9s ten\u00eda mis tres hijos grandes y a la chiquitita, que tendr\u00eda dos o tres a\u00f1os en ese entonces. Ahora digo, \u00bfC\u00f3mo hice? Miro para atr\u00e1s y me pregunto c\u00f3mo hice. Me doy cuenta de que hice bastante sacrificios porque adem\u00e1s, cuando empec\u00e9 todas las materias de primer a\u00f1o, las hice todas ese mismo a\u00f1o.\u201d<\/span><\/i><\/p>\n\n\n\n<p class=\"has-medium-font-size\" style=\"font-style:normal;font-weight:300\"><span style=\"font-weight: 400;\">Si bien Marta no lleg\u00f3 a ejercer el oficio del comunicador antes de jubilarse como maestra, a pocas materias de recibirse, ya no ve el terminar la carrera como un logro profesional, sino m\u00e1s bien como uno personal: \u201c<\/span><i><span style=\"font-weight: 400;\">Nunca pens\u00e9 en dejar la carrera, a pesar de que hubo a\u00f1os que no fui. Este a\u00f1o estoy pens\u00e1ndolo, porque ahora no voy a trabajar, pero para darle un cierre, me encantar\u00eda cerrar un ciclo.\u201d<\/span><\/i><\/p>\n\n\n\n<p class=\"has-small-font-size\" style=\"font-style:normal;font-weight:300\"><\/p>\n","protected":false},"excerpt":{"rendered":"<p>Por Constansa Ramos Cuando en el a\u00f1o 2003 Marta Dom\u00ednguez entr\u00f3 por primera vez al edificio nuevo de la Fadecs, donde se encontraban las aulas en las que cursaba el primer a\u00f1o de Comunicaci\u00f3n Social, ten\u00eda 40 a\u00f1os. Para muchos, ya ten\u00eda su vida resuelta: una carrera como docente y una familia establecida, pero las [&hellip;]<\/p>\n","protected":false},"author":46,"featured_media":134,"comment_status":"open","ping_status":"open","sticky":false,"template":"","format":"standard","meta":{"_exactmetrics_skip_tracking":false,"_exactmetrics_sitenote_active":false,"_exactmetrics_sitenote_note":"","_exactmetrics_sitenote_category":0,"footnotes":""},"categories":[1],"tags":[15,35,40,39,34,33,12,10,16],"class_list":["post-125","post","type-post","status-publish","format-standard","has-post-thumbnail","hentry","category-sin-categoria","tag-50com","tag-comunicacionsocial","tag-fiskemenuco","tag-generalroca","tag-sehacecamino","tag-soycom","tag-comunicacion","tag-fadecs","tag-unco"],"jetpack_featured_media_url":"https:\/\/medialabpatagonia.org\/sehacecamino\/wp-content\/uploads\/sites\/17\/2024\/10\/WhatsApp-Image-2024-10-21-at-18.26.36.jpeg","_links":{"self":[{"href":"https:\/\/medialabpatagonia.org\/sehacecamino\/wp-json\/wp\/v2\/posts\/125","targetHints":{"allow":["GET"]}}],"collection":[{"href":"https:\/\/medialabpatagonia.org\/sehacecamino\/wp-json\/wp\/v2\/posts"}],"about":[{"href":"https:\/\/medialabpatagonia.org\/sehacecamino\/wp-json\/wp\/v2\/types\/post"}],"author":[{"embeddable":true,"href":"https:\/\/medialabpatagonia.org\/sehacecamino\/wp-json\/wp\/v2\/users\/46"}],"replies":[{"embeddable":true,"href":"https:\/\/medialabpatagonia.org\/sehacecamino\/wp-json\/wp\/v2\/comments?post=125"}],"version-history":[{"count":7,"href":"https:\/\/medialabpatagonia.org\/sehacecamino\/wp-json\/wp\/v2\/posts\/125\/revisions"}],"predecessor-version":[{"id":217,"href":"https:\/\/medialabpatagonia.org\/sehacecamino\/wp-json\/wp\/v2\/posts\/125\/revisions\/217"}],"wp:featuredmedia":[{"embeddable":true,"href":"https:\/\/medialabpatagonia.org\/sehacecamino\/wp-json\/wp\/v2\/media\/134"}],"wp:attachment":[{"href":"https:\/\/medialabpatagonia.org\/sehacecamino\/wp-json\/wp\/v2\/media?parent=125"}],"wp:term":[{"taxonomy":"category","embeddable":true,"href":"https:\/\/medialabpatagonia.org\/sehacecamino\/wp-json\/wp\/v2\/categories?post=125"},{"taxonomy":"post_tag","embeddable":true,"href":"https:\/\/medialabpatagonia.org\/sehacecamino\/wp-json\/wp\/v2\/tags?post=125"}],"curies":[{"name":"wp","href":"https:\/\/api.w.org\/{rel}","templated":true}]}}