{"id":114,"date":"2024-10-23T04:03:42","date_gmt":"2024-10-23T02:03:42","guid":{"rendered":"https:\/\/medialabpatagonia.org\/sehacecamino\/?p=114"},"modified":"2024-10-25T13:57:00","modified_gmt":"2024-10-25T11:57:00","slug":"carlos-simonelli-la-universidad-resignifico-mi-manera-de-mirar-el-mundo","status":"publish","type":"post","link":"https:\/\/medialabpatagonia.org\/sehacecamino\/2024\/10\/23\/carlos-simonelli-la-universidad-resignifico-mi-manera-de-mirar-el-mundo\/","title":{"rendered":"Carlos Simonelli: \u201cla universidad resignific\u00f3 mi manera de mirar el mundo\u201d"},"content":{"rendered":"<p><em>Por Micaela Jara<\/em><\/p>\n<p><span style=\"font-weight: 400\">Orgulloso de ser primera generaci\u00f3n de universitarios, Carlos Simonelli, expres\u00f3: \u201cpor el lado materno soy el segundo intento, pero el primer graduado y por el lado paterno soy primera generaci\u00f3n\u201d. Carlos se recibi\u00f3 en el a\u00f1o 2021 como profesor de Comunicaci\u00f3n Social en la UNCo.<\/span><\/p>\n<p><span style=\"font-weight: 400\">Expres\u00f3 que la importancia que tuvo en \u00e9l la universidad fue much\u00edsima, que lo resignific\u00f3 en muchas cuestiones: \u201cvine con una mirada, con un entendimiento, con una comprensi\u00f3n y con ciertos lentes de lectura de la vida cotidiana y el paso por la universidad me hizo verlo desde otra perspectiva. Desde lo pol\u00edtico, lo social, lo econ\u00f3mico, distintos \u00e1mbitos y aspectos\u201d. Su paso por la facultad le ayud\u00f3 a valorar y potenciar lo que pensaba, pero en muchas otras cuestiones que son las que m\u00e1s le significaron como persona, \u201cme hicieron dar un giro de 180 grados y mirar otras perspectivas que no imagin\u00e9 que iba a mirar, sobre todo lo pol\u00edtico\u201d.\u00a0<\/span><\/p>\n<p><span style=\"font-weight: 400\">\u201cYo creo que lo negativo tenemos que transformarlo en algo que sea positivo\u201d, expres\u00f3 con entusiasmo al hablar sobre las complejidades de su paso por la facultad. \u201cHay que tratar de resignificar lo negativo o dif\u00edcil a un desaf\u00edo para poder seguir, una excusa para poder avanzar, y decir: esto no me va a ganar, y esto que no suene a idealizaci\u00f3n, sino como un paso m\u00e1s\u201d. Remarc\u00f3 el hecho de haber estado 13 a\u00f1os sin estudiar, y que no esto no fue un impedimento para volver a la universidad. En cuanto a lo positivo confes\u00f3 que fueron muchas cosas, la formaci\u00f3n, la movilidad social ascendente, y sobre todo el haber sido la primera persona tanto del lado materno como paterno que pudo lograr un t\u00edtulo universitario, tambi\u00e9n lo logr\u00f3 su hermano, pero desde una universidad privada.\u00a0<\/span><\/p>\n<p><span style=\"font-weight: 400\">Uno de los factores m\u00e1s positivos que tiene presente de su paso por la carrera, es la comprensi\u00f3n que tuvieron los profesores respecto a su tiempo, \u201ctrabajar y estudiar no era f\u00e1cil, entonces hab\u00eda veces que se complicaba en ciertos horarios, pero siempre me dieron una opci\u00f3n, una alternativa para poder aprobar una materia, para la cursada, o los finales\u201d. Adem\u00e1s, acentu\u00f3 que siempre se sinti\u00f3 c\u00f3modo, le dieron espacio y soluciones a los problemas.\u00a0<\/span><\/p>\n<p><span style=\"font-weight: 400\">La carrera de comunicaci\u00f3n atraves\u00f3 su vida durante dos periodos, comenz\u00f3 a estudiar la Licenciatura en en el a\u00f1o 2000 hasta 2004, sin embargo, por una cuesti\u00f3n econ\u00f3mica no pudo sostener sus estudios en aquel entonces. Luego de muchos a\u00f1os, retom\u00f3 la carrera en 2017, pero con otro objetivo: la ense\u00f1anza. Durante los a\u00f1os que estuvo sin estudiar, se dedic\u00f3 a realizar diferentes trabajos, pero hubo uno muy especial que lo marc\u00f3 significativamente: \u201cel haber sido instructor\/profesor de basquet me ayud\u00f3 a descubrir que me gustaba ense\u00f1ar, que por ah\u00ed va la cosa\u201d, asegur\u00f3. Por tal motivo, apunt\u00f3 hac\u00eda el profesorado, el cual con sus ingresos propios y ya con una edad mayor pudo llevar a cabo y finalizarlo.<\/span><\/p>\n<p><span style=\"font-weight: 400\">Carlos coment\u00f3 que al salir de la secundaria eligi\u00f3 la carrera de Comunicaci\u00f3n Social, porque le quedaba cerca de su casa y porque estaba dentro del espectro de lo que pod\u00eda costear, ya que sus padres tambi\u00e9n ten\u00edan que sostener a su hermano. En cuanto a la motivaci\u00f3n que lo llev\u00f3 a elegirla, cont\u00f3: \u201cfue una cuesti\u00f3n de continuar los estudios de un mandato familiar, de tener que estudiar una carrera y en ese camino fui viendo lo que hab\u00eda y me encontr\u00e9 ac\u00e1, sin saber lo que era comunicaci\u00f3n, sin conocer la carrera\u201d. Agreg\u00f3, que en esa \u00e9poca el secundario era distinto, y que ten\u00eda otro tipo de materias, nada relacionado a la comunicaci\u00f3n.\u00a0\u00a0<\/span><\/p>\n<p><span style=\"font-weight: 400\">Una vez que comenz\u00f3 a estudiar, conoci\u00f3 m\u00e1s acerca de ello. \u201cLe encontr\u00e9 el sentido a algo que no me terminaba de cerrar, no encontraba por donde transitarla y la carrera me ayud\u00f3 a eso, a entender y darle sentido a algo que yo ten\u00eda dentro en gusto y conocimiento, pero la universidad me dio teor\u00eda a algo que me gustaba\u201d,\u00a0<\/span><\/p>\n<p><span style=\"font-weight: 400\">El haber sido parte de la universidad, dej\u00f3 mucho en \u00e9l, \u201cResignific\u00f3 mi manera de mirar el mundo. Y aprend\u00ed a cerrar m\u00e1s la boca y abrir m\u00e1s los o\u00eddos\u201d, afirm\u00f3. Su car\u00e1cter tambi\u00e9n se vio afectado, cambi\u00f3 y \u00e9l espera que haya sido para bien, \u201csi fuese la misma persona que hace 10 a\u00f1os, ser\u00eda un garr\u00f3n o hace 5 a\u00f1os, ser\u00eda triste ser la misma persona\u201d.\u00a0<\/span><\/p>\n<p><span style=\"font-weight: 400\">Para Carlos, el Profesorado de Comunicaci\u00f3n Social le dej\u00f3\u00a0 \u201cun t\u00edtulo de grado que me hace feliz, una mirada distinta del mundo, peronismo, haber cumplido la meta familiar de poder entregarle a mis viejos el t\u00edtulo y disfrutar de la vida y no ser esclavo del trabajo\u201d, indic\u00f3 con entusiasmo y satisfacci\u00f3n.<\/span><\/p>\n<p><span style=\"font-weight: 400\">En relaci\u00f3n con lo laboral, Carlos emprendi\u00f3 el desaf\u00edo del profesorado sabiendo que iba hacer algo que pod\u00eda llegar a trabajar poco, mediana o mucha cantidad de horas, pero eso no lo detendr\u00eda, ya que sab\u00eda que era algo que le gusta, apasiona y lo hace sentir bien. Actualmente se encuentra dando clases en diferentes instituciones, como colegios t\u00e9cnicos, ESRN y nocturnos. Asimismo,\u00a0 entr\u00f3 en una inscripci\u00f3n como ayudante de c\u00e1tedra en radio y esa funci\u00f3n le habilit\u00f3 a poder inscribirse en una maestr\u00eda. La cual est\u00e1 terminando en instancia de tesis. \u201cIndirecta o directamente se dio gracias al apoyo de colegas que firmaron cartas de aval para que yo pueda estar\u201d, expres\u00f3 dichosamente. <\/span><\/p>\n","protected":false},"excerpt":{"rendered":"<p>Por Micaela Jara Orgulloso de ser primera generaci\u00f3n de universitarios, Carlos Simonelli, expres\u00f3: \u201cpor el lado materno soy el segundo intento, pero el primer graduado y por el lado paterno soy primera generaci\u00f3n\u201d. Carlos se recibi\u00f3 en el a\u00f1o 2021 como profesor de Comunicaci\u00f3n Social en la UNCo. Expres\u00f3 que la importancia que tuvo en [&hellip;]<\/p>\n","protected":false},"author":48,"featured_media":101,"comment_status":"open","ping_status":"open","sticky":false,"template":"","format":"standard","meta":{"_exactmetrics_skip_tracking":false,"_exactmetrics_sitenote_active":false,"_exactmetrics_sitenote_note":"","_exactmetrics_sitenote_category":0,"footnotes":""},"categories":[1],"tags":[15,60,40,39,34,12,13,17,7,10,11,14,16,9],"class_list":["post-114","post","type-post","status-publish","format-standard","has-post-thumbnail","hentry","category-sin-categoria","tag-50com","tag-educacion-publica-y-gratuita-2","tag-fiskemenuco","tag-generalroca","tag-sehacecamino","tag-comunicacion","tag-comunicacion-social","tag-educacion-publica","tag-estudiantes","tag-fadecs","tag-periodismo","tag-profesorado","tag-unco","tag-uncoma"],"jetpack_featured_media_url":"https:\/\/medialabpatagonia.org\/sehacecamino\/wp-content\/uploads\/sites\/17\/2024\/10\/Simonelli-e1729857413833.jpg","_links":{"self":[{"href":"https:\/\/medialabpatagonia.org\/sehacecamino\/wp-json\/wp\/v2\/posts\/114","targetHints":{"allow":["GET"]}}],"collection":[{"href":"https:\/\/medialabpatagonia.org\/sehacecamino\/wp-json\/wp\/v2\/posts"}],"about":[{"href":"https:\/\/medialabpatagonia.org\/sehacecamino\/wp-json\/wp\/v2\/types\/post"}],"author":[{"embeddable":true,"href":"https:\/\/medialabpatagonia.org\/sehacecamino\/wp-json\/wp\/v2\/users\/48"}],"replies":[{"embeddable":true,"href":"https:\/\/medialabpatagonia.org\/sehacecamino\/wp-json\/wp\/v2\/comments?post=114"}],"version-history":[{"count":4,"href":"https:\/\/medialabpatagonia.org\/sehacecamino\/wp-json\/wp\/v2\/posts\/114\/revisions"}],"predecessor-version":[{"id":122,"href":"https:\/\/medialabpatagonia.org\/sehacecamino\/wp-json\/wp\/v2\/posts\/114\/revisions\/122"}],"wp:featuredmedia":[{"embeddable":true,"href":"https:\/\/medialabpatagonia.org\/sehacecamino\/wp-json\/wp\/v2\/media\/101"}],"wp:attachment":[{"href":"https:\/\/medialabpatagonia.org\/sehacecamino\/wp-json\/wp\/v2\/media?parent=114"}],"wp:term":[{"taxonomy":"category","embeddable":true,"href":"https:\/\/medialabpatagonia.org\/sehacecamino\/wp-json\/wp\/v2\/categories?post=114"},{"taxonomy":"post_tag","embeddable":true,"href":"https:\/\/medialabpatagonia.org\/sehacecamino\/wp-json\/wp\/v2\/tags?post=114"}],"curies":[{"name":"wp","href":"https:\/\/api.w.org\/{rel}","templated":true}]}}