{"id":107,"date":"2024-10-23T04:07:00","date_gmt":"2024-10-23T02:07:00","guid":{"rendered":"https:\/\/medialabpatagonia.org\/sehacecamino\/?p=107"},"modified":"2024-10-23T04:18:32","modified_gmt":"2024-10-23T02:18:32","slug":"dariana-brugues-si-tuviera-que-decir-una-palabra-diria-posibilidad","status":"publish","type":"post","link":"https:\/\/medialabpatagonia.org\/sehacecamino\/2024\/10\/23\/dariana-brugues-si-tuviera-que-decir-una-palabra-diria-posibilidad\/","title":{"rendered":"Dariana Brugues: \u201cSi tuviera que decir una palabra, dir\u00eda: posibilidad\u201d"},"content":{"rendered":"<p><em>Por Micaela Jara<\/em><\/p>\n<p><span style=\"font-weight: 400\">Dariana Brugues de 28 a\u00f1os, es licenciada en Comunicaci\u00f3n Social de la UNCo desde el a\u00f1o 2021. Comenz\u00f3 la carrera en 2015, enfrentando el desaf\u00edo de viajar desde Neuqu\u00e9n hacia Roca durante los dos primeros a\u00f1os. Luego tuvo la suerte de mudarse a la ciudad rionegrina. Actualmente trabaja en la Municipalidad de Neuqu\u00e9n en la subsecretar\u00eda de Cultura, en el \u00e1rea de Comunicaci\u00f3n.<\/span><\/p>\n<p><span style=\"font-weight: 400\">Su paso por la carrera tuvo aspectos que fueron muy importantes para ella. Por un lado, le permiti\u00f3 adquirir los conocimientos que tiene hoy en d\u00eda, los cuales aplica en su trabajo. Por otro lado, expres\u00f3:<\/span><span style=\"font-weight: 400\"> \u201c<\/span><span style=\"font-weight: 400\">conoc\u00ed un mont\u00f3n de personas que actualmente, si bien ya termin\u00e9 la carrera, algunos la terminaron y otros no, seguimos en contacto y hoy son mis amigas y amigos, creo que eso tambi\u00e9n es algo muy valioso que me dej\u00f3 la universidad\u201d. Agreg\u00f3 que pudo conocer personas con distintas realidades y diferentes pensamientos pol\u00edticos, y fue esto lo que le abri\u00f3 su cabeza. <\/span><span style=\"font-weight: 400\">\u201c<\/span><span style=\"font-weight: 400\">Si tuviera que resumir, los tres pilares que me dio la universidad son: los conocimientos acad\u00e9micos, las amistades que me lleve y tambi\u00e9n el poder expandir mi cabeza en el sentido de poder aprender cosas que tienen que ver con el contexto social que salen de lo acad\u00e9mico\u201d, indic\u00f3.<\/span><\/p>\n<p><span style=\"font-weight: 400\">En relaci\u00f3n con sus recuerdos, mencion\u00f3: <\/span><span style=\"font-weight: 400\">\u201c<\/span><span style=\"font-weight: 400\">Algo que me qued\u00f3 como muy marcado es el ir a la facultad en bicicleta. Roca en verano, en oto\u00f1o o en primavera es re linda, la parte del canal. Yo viv\u00eda en el barrio Los Olmos, que tambi\u00e9n es un lugar verde o con plazas. Me gusta recordar ir en bicicleta con mis amigas a cursar\u201d. Coment\u00f3 que, si bien no tiene que ver con lo acad\u00e9mico, es algo que recuerda y extra\u00f1a, as\u00ed como el compartir mates y los nervios previos a un parcial \u201cpienso en mi paso por la facultad como una cuesti\u00f3n muy grupal, tuve una experiencia re linda en ese sentido, no me sent\u00ed sola. Cuando llegu\u00e9 no conoc\u00eda a nadie, pero despu\u00e9s fui conociendo gente y pude formar un lindo grupo, fue una linda etapa\u201d, afirm\u00f3.<\/span><\/p>\n<p><span style=\"font-weight: 400\">Dariana cont\u00f3 que la experiencia de haber estudiado tambi\u00e9n influy\u00f3 sobre su car\u00e1cter: <\/span><span style=\"font-weight: 400\">\u201c<\/span><span style=\"font-weight: 400\">cuando arranqu\u00e9 Comunicaci\u00f3n era much\u00edsimo m\u00e1s vergonzosa, y con el tiempo eso fue y\u00e9ndose. Me encontr\u00e9 en situaciones en las que ten\u00eda que hablar con gente que no conoc\u00eda, llamar a personas, romper el hielo con algunas cuestiones\u201d, dijo. Eso fue para ella algo que le afect\u00f3 para bien, porque a\u00fan sigue siendo t\u00edmida y confes\u00f3 que logr\u00f3 perder la verg\u00fcenza en varios aspectos y ahora le cuesta menos socializar, y esto tuvo mucho que ver con la carrera.\u00a0<\/span><\/p>\n<p><span style=\"font-weight: 400\">Su concepto acerca de la comunicaci\u00f3n fue cambiando: <\/span><span style=\"font-weight: 400\">\u201c<\/span><span style=\"font-weight: 400\">ten\u00eda una idea muy superficial de lo que era.\u00a0 A medida que pasaron los a\u00f1os en la facultad empec\u00e9 a ver que todo tiene un sustento te\u00f3rico. Al mismo tiempo la carrera te da numerosas herramientas vinculadas con otras materias que por ah\u00ed no tienen que ver con la comunicaci\u00f3n, pero s\u00ed con tener cultura general de las cosas\u201d, coment\u00f3. Asimismo, la cambi\u00f3 en el sentido de comprender que no solo es periodismo, es decir, el trabajar en un medio redactando, en la televisi\u00f3n o la radio, sino que puede ser mucho m\u00e1s amplio.<\/span><\/p>\n<p><span style=\"font-weight: 400\">Su familia<\/span><span style=\"font-weight: 400\"> tuvo los recursos para poder ayudar: <\/span><span style=\"font-weight: 400\">\u201c<\/span><span style=\"font-weight: 400\">mientras estaba estudiando no necesit\u00e9 ninguna beca y por suerte tampoco necesit\u00e9 trabajar mientras estudiaba, lo que me gener\u00f3 ciertos beneficios. Por ah\u00ed la gente que tiene que trabajar y estudiar se le complica mucho m\u00e1s\u201d, expres\u00f3. Por otra parte, acerca de sus estudios secundarios, los concluy\u00f3 en la escuela Padre Fito de Neuqu\u00e9n, all\u00ed ten\u00eda la orientaci\u00f3n en medios de comunicaci\u00f3n, \u201cen ese colegio hac\u00edamos muchos trabajos con videos, pens\u00e1bamos cuestiones relacionadas con publicidad, nos hac\u00edan escribir mucho, lo cual siempre me gust\u00f3\u201d. Lo poco que pudo ver acerca de la comunicaci\u00f3n en la secundaria fue una de las razones por las que quiso probar con la carrera.\u00a0<\/span><\/p>\n<p><span style=\"font-weight: 400\">Reconoci\u00f3 que su experiencia fue positiva, no obstante, fue muy complicado el momento de realizar la tesis: \u201cno tenemos grandes herramientas de investigaci\u00f3n. Durante la carrera se trabaja en grupo, y en ese momento te encontras vos sola, a m\u00ed me pas\u00f3 personalmente que me encontr\u00e9 medio perdida, las materias que hay de investigaci\u00f3n son como muy te\u00f3ricas, entonces cuando ten\u00e9s que llevar a la pr\u00e1ctica se dificulta un mont\u00f3n, creo que estar\u00eda bueno que de alguna manera se pueda reforzar para que gente no termine dejando la carrera\u201d, cont\u00f3.\u00a0<\/span><\/p>\n<p><span style=\"font-weight: 400\">Aun as\u00ed, no se arrepiente de haber estudiado la licenciatura: <\/span><span style=\"font-weight: 400\">\u201c<\/span><span style=\"font-weight: 400\">si empezaron los miedos cuando estaba por terminar la carrera, como: \u00bfd\u00f3nde voy a poder trabajar? \u00bfQu\u00e9 voy a hacer? No conozco a nadie en el \u00e1mbito de la comunicaci\u00f3n\u201d. Agreg\u00f3 que en ese momento se replante\u00f3 el por qu\u00e9 hab\u00eda elegido la carrera, pero hoy en d\u00eda entiende que es algo que le gust\u00f3 aprender y que, gracias a ello, tiene el trabajo que disfruta en la actualidad.<\/span><\/p>\n<p><span style=\"font-weight: 400\">Sobre lo que dej\u00f3 en ella la carrera, admiti\u00f3:<\/span><span style=\"font-weight: 400\"> \u201c<\/span><span style=\"font-weight: 400\">Si tuviera que decir una palabra, dir\u00eda: posibilidad. Me dej\u00f3 la posibilidad de poder trabajar de algo que me gusta e interesa, que me da curiosidad y de aprender m\u00e1s. Si tuviera que decirlo en muchas palabras dir\u00eda que me dej\u00f3 muchos conocimientos, amistades, experiencia y momentos\u201d. En cuanto a ello, el instante m\u00e1s importante para ella fue el d\u00eda en que se recibi\u00f3, lo explica como<\/span> <span style=\"font-weight: 400\">\u201cuna emoci\u00f3n tan grande de haber logrado algo que me llev\u00f3 un mont\u00f3n de a\u00f1os y esfuerzo. Es una sensaci\u00f3n que fue \u00fanica y que no s\u00e9 si en alg\u00fan otro momento se va a repetir<\/span> <span style=\"font-weight: 400\">en mi vida\u201d.<\/span><\/p>\n","protected":false},"excerpt":{"rendered":"<p>Por Micaela Jara Dariana Brugues de 28 a\u00f1os, es licenciada en Comunicaci\u00f3n Social de la UNCo desde el a\u00f1o 2021. Comenz\u00f3 la carrera en 2015, enfrentando el desaf\u00edo de viajar desde Neuqu\u00e9n hacia Roca durante los dos primeros a\u00f1os. Luego tuvo la suerte de mudarse a la ciudad rionegrina. Actualmente trabaja en la Municipalidad de [&hellip;]<\/p>\n","protected":false},"author":48,"featured_media":108,"comment_status":"open","ping_status":"open","sticky":false,"template":"","format":"standard","meta":{"_exactmetrics_skip_tracking":false,"_exactmetrics_sitenote_active":false,"_exactmetrics_sitenote_note":"","_exactmetrics_sitenote_category":0,"footnotes":""},"categories":[1],"tags":[15,60,40,39,59,12,13,17,7,10,11,14,16,9],"class_list":["post-107","post","type-post","status-publish","format-standard","has-post-thumbnail","hentry","category-sin-categoria","tag-50com","tag-educacion-publica-y-gratuita-2","tag-fiskemenuco","tag-generalroca","tag-neuquensehacecamino","tag-comunicacion","tag-comunicacion-social","tag-educacion-publica","tag-estudiantes","tag-fadecs","tag-periodismo","tag-profesorado","tag-unco","tag-uncoma"],"jetpack_featured_media_url":"https:\/\/medialabpatagonia.org\/sehacecamino\/wp-content\/uploads\/sites\/17\/2024\/10\/Brugues.jpg","_links":{"self":[{"href":"https:\/\/medialabpatagonia.org\/sehacecamino\/wp-json\/wp\/v2\/posts\/107","targetHints":{"allow":["GET"]}}],"collection":[{"href":"https:\/\/medialabpatagonia.org\/sehacecamino\/wp-json\/wp\/v2\/posts"}],"about":[{"href":"https:\/\/medialabpatagonia.org\/sehacecamino\/wp-json\/wp\/v2\/types\/post"}],"author":[{"embeddable":true,"href":"https:\/\/medialabpatagonia.org\/sehacecamino\/wp-json\/wp\/v2\/users\/48"}],"replies":[{"embeddable":true,"href":"https:\/\/medialabpatagonia.org\/sehacecamino\/wp-json\/wp\/v2\/comments?post=107"}],"version-history":[{"count":5,"href":"https:\/\/medialabpatagonia.org\/sehacecamino\/wp-json\/wp\/v2\/posts\/107\/revisions"}],"predecessor-version":[{"id":121,"href":"https:\/\/medialabpatagonia.org\/sehacecamino\/wp-json\/wp\/v2\/posts\/107\/revisions\/121"}],"wp:featuredmedia":[{"embeddable":true,"href":"https:\/\/medialabpatagonia.org\/sehacecamino\/wp-json\/wp\/v2\/media\/108"}],"wp:attachment":[{"href":"https:\/\/medialabpatagonia.org\/sehacecamino\/wp-json\/wp\/v2\/media?parent=107"}],"wp:term":[{"taxonomy":"category","embeddable":true,"href":"https:\/\/medialabpatagonia.org\/sehacecamino\/wp-json\/wp\/v2\/categories?post=107"},{"taxonomy":"post_tag","embeddable":true,"href":"https:\/\/medialabpatagonia.org\/sehacecamino\/wp-json\/wp\/v2\/tags?post=107"}],"curies":[{"name":"wp","href":"https:\/\/api.w.org\/{rel}","templated":true}]}}