{"id":219,"date":"2024-08-27T20:59:49","date_gmt":"2024-08-27T18:59:49","guid":{"rendered":"https:\/\/medialabpatagonia.org\/rocaciudaduniversitaria\/?p=219"},"modified":"2024-09-25T23:32:24","modified_gmt":"2024-09-25T21:32:24","slug":"construir-subjetividades-el-objetivo-principal-del-ifdc-fiske-menuco","status":"publish","type":"post","link":"https:\/\/medialabpatagonia.org\/rocaciudaduniversitaria\/2024\/08\/27\/construir-subjetividades-el-objetivo-principal-del-ifdc-fiske-menuco\/","title":{"rendered":"Construir subjetividades, el objetivo principal del IFDC Fiske Menuco"},"content":{"rendered":"\n<p><strong>Fernando Samuel, director del Instituto, destac\u00f3 el valor de la formaci\u00f3n local de docentes para el \u00e1mbito educativo, cultural y pol\u00edtico de la ciudad de General Roca.<\/strong><\/p>\n\n\n\n<p><em>Por Greta Oca\u00f1a y Ariela Pietrantuono<\/em><\/p>\n\n\n\n<p><\/p>\n\n\n\n<figure class=\"wp-block-image is-resized\"><img loading=\"lazy\" decoding=\"async\" width=\"715\" height=\"715\" src=\"https:\/\/medialabpatagonia.org\/rocaciudaduniversitaria\/wp-content\/uploads\/sites\/16\/2024\/08\/WhatsApp-Image-2024-08-10-at-17.12.02.jpeg\" alt=\"\" class=\"wp-image-226\" style=\"width:1116px;height:auto\" srcset=\"https:\/\/medialabpatagonia.org\/rocaciudaduniversitaria\/wp-content\/uploads\/sites\/16\/2024\/08\/WhatsApp-Image-2024-08-10-at-17.12.02.jpeg 715w, https:\/\/medialabpatagonia.org\/rocaciudaduniversitaria\/wp-content\/uploads\/sites\/16\/2024\/08\/WhatsApp-Image-2024-08-10-at-17.12.02-300x300.jpeg 300w, https:\/\/medialabpatagonia.org\/rocaciudaduniversitaria\/wp-content\/uploads\/sites\/16\/2024\/08\/WhatsApp-Image-2024-08-10-at-17.12.02-150x150.jpeg 150w, https:\/\/medialabpatagonia.org\/rocaciudaduniversitaria\/wp-content\/uploads\/sites\/16\/2024\/08\/WhatsApp-Image-2024-08-10-at-17.12.02-500x500.jpeg 500w\" sizes=\"auto, (max-width: 715px) 100vw, 715px\" \/><\/figure>\n\n\n<p><span style=\"font-weight: 400\">El Instituto de Formaci\u00f3n Docente Continua funciona desde 1974 y su director, Fernando Samuel, afirm\u00f3 que en la actualidad cuenta con aproximadamente 2.000 estudiantes regulares. Y en una evoluci\u00f3n constante de m\u00e1s de 40 a\u00f1os, precis\u00f3 que en 2024 logr\u00f3 sostener, con una fuerte impronta regional, el promedio de 260 inscriptos de a\u00f1os anteriores.<\/span><\/p>\n<p><span style=\"font-weight: 400\">Samuel estim\u00f3 que alrededor del 25 por ciento del estudiantado es del Alto Valle (desde Cinco Saltos hasta Cervantes) y viaja para poder asistir a clases. El n\u00famero de estudiantes de otras localidades pero que residen en Roca no es preciso. Sin embargo, a partir de los resultados arrojados por el censo en 2022, se supo que alrededor de un 20 por ciento de los estudiantes que vive en la ciudad y frecuenta el Instituto proviene de la L\u00ednea Sur.<\/span><\/p>\n<div style=\"width: 848px;\" class=\"wp-video\"><video class=\"wp-video-shortcode\" id=\"video-219-1\" width=\"848\" height=\"480\" loop autoplay preload=\"metadata\" controls=\"controls\"><source type=\"video\/mp4\" src=\"http:\/\/medialabpatagonia.org\/rocaciudaduniversitaria\/wp-content\/uploads\/sites\/16\/2024\/08\/WhatsApp-Video-2024-08-09-at-21.26.43.mp4?_=1\" \/><a href=\"http:\/\/medialabpatagonia.org\/rocaciudaduniversitaria\/wp-content\/uploads\/sites\/16\/2024\/08\/WhatsApp-Video-2024-08-09-at-21.26.43.mp4\">http:\/\/medialabpatagonia.org\/rocaciudaduniversitaria\/wp-content\/uploads\/sites\/16\/2024\/08\/WhatsApp-Video-2024-08-09-at-21.26.43.mp4<\/a><\/video><\/div>\n<p><span style=\"font-weight: 400\">El Director del Instituto remarc\u00f3 la importancia de formar educadores. \u201cNosotros formamos a docentes de nivel primario que van a trabajar con chicos de 6 a 12 a\u00f1os. Y si uno se pregunta \u00bfcu\u00e1l es el producto del trabajo docente? Creo que los maestros son constructores de subjetividades\u201d, reflexion\u00f3. Valor\u00f3 que el IFDC tiene un importante impacto en Fiske Menuco, m\u00e1s all\u00e1 de lo que un docente pueda llegar a ense\u00f1ar en t\u00e9rminos pedag\u00f3gicos y acad\u00e9micos como leer, escribir, sumar o restar.<\/span><\/p>\n<\/p>\n<p><span style=\"font-weight: 400\">El gran aporte que ofrece a la comunidad, remarc\u00f3 Samuel, es la forma en que el docente influye positivamente en c\u00f3mo un ni\u00f1o o una ni\u00f1a ve el mundo y se relaciona con \u00e9l. En este sentido, los docentes recibidos en el IFDC intentan que sus alumnos miren la realidad \u201cdesde un lugar m\u00e1s amable, con expectativas y con conciencia de lo colectivo\u201d.<\/span><\/p>\n<\/p>\n\n\n<figure class=\"wp-block-video\"><video height=\"1080\" style=\"aspect-ratio: 2274 \/ 1080;\" width=\"2274\" controls src=\"http:\/\/medialabpatagonia.org\/rocaciudaduniversitaria\/wp-content\/uploads\/sites\/16\/2024\/08\/entrevista-Fernando-Samuel-online-video-cutter.com-1.mp4\"><\/video><\/figure>\n\n\n\n<hr class=\"wp-block-separator has-alpha-channel-opacity\" \/>\n\n\n\n<p>El IFDC atraviesa la estructura de la ciudad y en su 50 aniversario se propuso hacer temblar sus cimientos: tras una convocatoria abierta, se resolvi\u00f3 llamarlo Fiske Menuco, en un desaf\u00edo al tradicional nombre del militar que tanta pol\u00e9mica genera.<\/p>\n\n\n\n<p>El directivo dijo que \u201cvivimos en un lugar que se llama como un genocida, esta discusi\u00f3n est\u00e1 pendiente\u201d. Varios estudiantes y docentes creen que en Roca esta discusi\u00f3n no est\u00e1 a la orden del d\u00eda, pero es necesario darla. En esta misma l\u00ednea, quienes forman el IFDC creen que darle este nombre aporta a una cuesti\u00f3n muy subjetiva. Adem\u00e1s el hecho de dejar de ser \u201cIFDC de Gral. Roca\u201d para pasar a ser \u201cIFDC Fiske Menuco\u201d les da una identidad y caracter\u00edstica propia.<\/p>\n\n\n\n<p><\/p>\n","protected":false},"excerpt":{"rendered":"<p>Fernando Samuel, director del Instituto, destac\u00f3 el valor de la formaci\u00f3n local de docentes para el \u00e1mbito educativo, cultural y pol\u00edtico de la ciudad de General Roca. Por Greta Oca\u00f1a y Ariela Pietrantuono El Instituto de Formaci\u00f3n Docente Continua funciona desde 1974 y su director, Fernando Samuel, afirm\u00f3 que en la actualidad cuenta con aproximadamente [&hellip;]<\/p>\n","protected":false},"author":45,"featured_media":0,"comment_status":"open","ping_status":"open","sticky":false,"template":"","format":"standard","meta":{"_exactmetrics_skip_tracking":false,"_exactmetrics_sitenote_active":false,"_exactmetrics_sitenote_note":"","_exactmetrics_sitenote_category":0,"footnotes":""},"categories":[1],"tags":[21,19,45,18,43,44,40,39,41],"class_list":["post-219","post","type-post","status-publish","format-standard","hentry","category-sin-categoria","tag-educacion","tag-fiske-menuco","tag-fiske-roca","tag-general-roca","tag-ifdc","tag-instituto-de-formacion-docente","tag-roca","tag-universidad","tag-universidad-publica"],"jetpack_featured_media_url":"","_links":{"self":[{"href":"https:\/\/medialabpatagonia.org\/rocaciudaduniversitaria\/wp-json\/wp\/v2\/posts\/219","targetHints":{"allow":["GET"]}}],"collection":[{"href":"https:\/\/medialabpatagonia.org\/rocaciudaduniversitaria\/wp-json\/wp\/v2\/posts"}],"about":[{"href":"https:\/\/medialabpatagonia.org\/rocaciudaduniversitaria\/wp-json\/wp\/v2\/types\/post"}],"author":[{"embeddable":true,"href":"https:\/\/medialabpatagonia.org\/rocaciudaduniversitaria\/wp-json\/wp\/v2\/users\/45"}],"replies":[{"embeddable":true,"href":"https:\/\/medialabpatagonia.org\/rocaciudaduniversitaria\/wp-json\/wp\/v2\/comments?post=219"}],"version-history":[{"count":5,"href":"https:\/\/medialabpatagonia.org\/rocaciudaduniversitaria\/wp-json\/wp\/v2\/posts\/219\/revisions"}],"predecessor-version":[{"id":399,"href":"https:\/\/medialabpatagonia.org\/rocaciudaduniversitaria\/wp-json\/wp\/v2\/posts\/219\/revisions\/399"}],"wp:attachment":[{"href":"https:\/\/medialabpatagonia.org\/rocaciudaduniversitaria\/wp-json\/wp\/v2\/media?parent=219"}],"wp:term":[{"taxonomy":"category","embeddable":true,"href":"https:\/\/medialabpatagonia.org\/rocaciudaduniversitaria\/wp-json\/wp\/v2\/categories?post=219"},{"taxonomy":"post_tag","embeddable":true,"href":"https:\/\/medialabpatagonia.org\/rocaciudaduniversitaria\/wp-json\/wp\/v2\/tags?post=219"}],"curies":[{"name":"wp","href":"https:\/\/api.w.org\/{rel}","templated":true}]}}