{"id":216,"date":"2024-08-28T14:10:54","date_gmt":"2024-08-28T12:10:54","guid":{"rendered":"https:\/\/medialabpatagonia.org\/rocaciudaduniversitaria\/?p=216"},"modified":"2024-10-09T17:01:54","modified_gmt":"2024-10-09T15:01:54","slug":"se-tiene-que-ponderar-mucho-el-trabajo-que-se-hace-en-la-universidad-publica","status":"publish","type":"post","link":"https:\/\/medialabpatagonia.org\/rocaciudaduniversitaria\/2024\/08\/28\/se-tiene-que-ponderar-mucho-el-trabajo-que-se-hace-en-la-universidad-publica\/","title":{"rendered":"\u201cSe tiene que ponderar mucho el trabajo que se hace en la Universidad P\u00fablica\u201d"},"content":{"rendered":"\n<p><strong>El presidente del Colegio de Abogados de General Roca, Nicol\u00e1s D\u00edaz,\u00a0 destac\u00f3 la importancia de las universidades p\u00fablicas roquenses en la vida social de la ciudad. Si bien no conoce cu\u00e1ntos matriculados provienen de ese sector, afirm\u00f3 que debe ponderarse el trabajo que hacen.<\/strong><\/p>\n\n\n\n<p style=\"font-size:22px;font-style:normal;font-weight:300\"><em>Por: Abril Baeza, Micaela Jara y Abigail Avila.<\/em><\/p>\n\n\n\n<figure class=\"wp-block-image size-large\"><img loading=\"lazy\" decoding=\"async\" width=\"1024\" height=\"576\" src=\"https:\/\/medialabpatagonia.org\/rocaciudaduniversitaria\/wp-content\/uploads\/sites\/16\/2024\/08\/Imagen-de-WhatsApp-2024-06-11-a-las-12.52.24_2d55ff4b-1024x576.jpg\" alt=\"\" class=\"wp-image-383\" srcset=\"https:\/\/medialabpatagonia.org\/rocaciudaduniversitaria\/wp-content\/uploads\/sites\/16\/2024\/08\/Imagen-de-WhatsApp-2024-06-11-a-las-12.52.24_2d55ff4b-1024x576.jpg 1024w, https:\/\/medialabpatagonia.org\/rocaciudaduniversitaria\/wp-content\/uploads\/sites\/16\/2024\/08\/Imagen-de-WhatsApp-2024-06-11-a-las-12.52.24_2d55ff4b-300x169.jpg 300w, https:\/\/medialabpatagonia.org\/rocaciudaduniversitaria\/wp-content\/uploads\/sites\/16\/2024\/08\/Imagen-de-WhatsApp-2024-06-11-a-las-12.52.24_2d55ff4b-768x432.jpg 768w, https:\/\/medialabpatagonia.org\/rocaciudaduniversitaria\/wp-content\/uploads\/sites\/16\/2024\/08\/Imagen-de-WhatsApp-2024-06-11-a-las-12.52.24_2d55ff4b-1536x864.jpg 1536w, https:\/\/medialabpatagonia.org\/rocaciudaduniversitaria\/wp-content\/uploads\/sites\/16\/2024\/08\/Imagen-de-WhatsApp-2024-06-11-a-las-12.52.24_2d55ff4b-2048x1153.jpg 2048w, https:\/\/medialabpatagonia.org\/rocaciudaduniversitaria\/wp-content\/uploads\/sites\/16\/2024\/08\/Imagen-de-WhatsApp-2024-06-11-a-las-12.52.24_2d55ff4b-500x281.jpg 500w, https:\/\/medialabpatagonia.org\/rocaciudaduniversitaria\/wp-content\/uploads\/sites\/16\/2024\/08\/Imagen-de-WhatsApp-2024-06-11-a-las-12.52.24_2d55ff4b-800x450.jpg 800w, https:\/\/medialabpatagonia.org\/rocaciudaduniversitaria\/wp-content\/uploads\/sites\/16\/2024\/08\/Imagen-de-WhatsApp-2024-06-11-a-las-12.52.24_2d55ff4b-1280x720.jpg 1280w, https:\/\/medialabpatagonia.org\/rocaciudaduniversitaria\/wp-content\/uploads\/sites\/16\/2024\/08\/Imagen-de-WhatsApp-2024-06-11-a-las-12.52.24_2d55ff4b-1920x1080.jpg 1920w\" sizes=\"auto, (max-width: 1024px) 100vw, 1024px\" \/><figcaption class=\"wp-element-caption\">Nicol\u00e1s D\u00edaz, presidente del Colegio de Abogados de General Roca<\/figcaption><\/figure>\n\n\n\n<p><\/p>\n\n\n\n<p>Desde el Colegio de Abogados, D\u00edaz no solo comparte que la carrera de grado de Derecho es importante en la zona, sino que tambi\u00e9n manifiestan el aporte social y econ\u00f3mico que contribuyen a la zona las Universidades P\u00fablicas como UNRN, Fadecs, Fadel, IUPA, adem\u00e1s del Instituto Formaci\u00f3n Docente y otras universidades privadas y terciarios de la ciudad.<em> \u201cLas Facultades y Universidades son muy importantes en lo que es la vida social de cada ciudad\u00bb, agreg\u00f3 adem\u00e1s: \u201cHay muchas universidades privadas pero yo creo que si se tiene que ponderar mucho el trabajo que se hace en la Universidad P\u00fablica del Comahue\u201d.<\/em><\/p>\n\n\n\n<p>El cuerpo que nuclea a profesionales del derecho de Roca tiene jurisdicci\u00f3n desde Allen hasta R\u00edo Colorado. Se trata de uno de los colegios m\u00e1s grande la provincia de R\u00edo Negro, y como instituci\u00f3n no s\u00f3lo tiene un impacto local, sino tambi\u00e9n a nivel regional, provincial y nacional. Actualmente, forma parte de la comisi\u00f3n directiva de la Federaci\u00f3n Argentina de Colegios de Abogados (FACA) y adem\u00e1s, integra el Consejo de Colegios y Ordenes de Abogados del Mercosur (COADEM).&nbsp;<\/p>\n\n\n\n<p>En relaci\u00f3n con los egresados que puedan encontrarse trabajando en la zona, Diaz indic\u00f3: \u201c<em>Como nosotros tenemos matriculados y matriculadas de todas las universidades, no tenemos discriminados cu\u00e1ntos son de la Fadecs. Tenemos matr\u00edculas tanto de las universidad p\u00fablicas como de la privadas\u201d. <\/em>Aunque, reconoce tener varios compa\u00f1eros egresados de la Fadecs, y destac\u00f3 la importancia de las universidades que est\u00e1n pensadas para que el alumno transcurra varios a\u00f1os la vida universitaria. M\u00e1s que nada porque piensa a la abogac\u00eda c\u00f3mo una carrera que requiere experiencia y entender c\u00f3mo se lleva a cabo profesionalmente. \u201cNo sirve de nada leer cierta cantidad de textos en pocos a\u00f1os y recibirse, pero al momento de ejercer la profesi\u00f3n no tener la experiencia, o conocer a otros profesionales que cuenten su propia visi\u00f3n de ese mundo laboral\u201d, dijo.<\/p>\n\n\n\n<p>El abogado D\u00edaz explic\u00f3 que el Colegio apunta a una participaci\u00f3n activa en la vida de los matriculados y las matriculadas. Asimismo, tienen en cuenta las capacitaciones, cursos y posgrados disponibles en la regi\u00f3n.&nbsp;<\/p>\n\n\n\n<p>Para el titular del Colegio, si no existiera la Fadecs s\u00f3lo cambiar\u00eda la cantidad de nuevos ingresantes pero seguir\u00eda habiendo ingresantes matriculados de otras universidades tanto p\u00fablicas como privadas de la regi\u00f3n. Por lo que, la idea de que directamente la carrera no existiera, influir\u00eda en el flujo de nuevos ingresantes, adem\u00e1s del descenso del inter\u00e9s en estudiar la carrera y la ca\u00edda de la competencia laboral. Aunque, esto no lo puede detallar ni afirmar con certeza Diaz, en cuanto a la magnitud, al no tener discriminados de que universidades se egresaron sus matriculados.<\/p>\n\n\n\n<p>Cont\u00f3 que el Colegio participa activamente en varias instituciones:<em> \u201cla idea es ver desde la abogac\u00eda que es lo que nosotros podemos brindarle a la sociedad. Esto es algo que nosotros queremos aplicar en nuestra gesti\u00f3n, no quedarnos s\u00f3lo como abogadas y abogados, queremos participar activamente en la vida social de todos y todas\u201d<\/em>. La formaci\u00f3n en derecho no solamente forma abogados, sino que tambi\u00e9n pueden aparecer otras profesiones como fiscal, asesor legal, juez, mediador, entre otras opciones. Diaz coment\u00f3 que actualmente no buscan integrar solamente egresados de derecho, sino tambi\u00e9n incorporar comunicadores sociales, m\u00e1s por el rol en la comunicaci\u00f3n no verbal. De este modo la Fadecs, para el Colegio de Abogados, jugar\u00eda un rol m\u00e1s que crucial para el desarrollo de sus funciones.<\/p>\n\n\n\n<p>La academia de Defensores Jur\u00eddicos, tiene el acceso libre para el alumnado de las diversas sedes de Derecho de la regi\u00f3n o el pa\u00eds, que soliciten&nbsp; matricularse en la ciudad, por lo que el graduado solo tiene que disponer de una residencia activa en la ciudad de General Roca.&nbsp;<\/p>\n","protected":false},"excerpt":{"rendered":"<p>El presidente del Colegio de Abogados de General Roca, Nicol\u00e1s D\u00edaz,\u00a0 destac\u00f3 la importancia de las universidades p\u00fablicas roquenses en la vida social de la ciudad. Si bien no conoce cu\u00e1ntos matriculados provienen de ese sector, afirm\u00f3 que debe ponderarse el trabajo que hacen. Por: Abril Baeza, Micaela Jara y Abigail Avila. Desde el Colegio [&hellip;]<\/p>\n","protected":false},"author":43,"featured_media":0,"comment_status":"open","ping_status":"open","sticky":false,"template":"","format":"standard","meta":{"_exactmetrics_skip_tracking":false,"_exactmetrics_sitenote_active":false,"_exactmetrics_sitenote_note":"","_exactmetrics_sitenote_category":0,"footnotes":""},"categories":[1],"tags":[63,62,61,22,18,60,10,41],"class_list":["post-216","post","type-post","status-publish","format-standard","hentry","category-sin-categoria","tag-abogadas","tag-abogados","tag-colegio-de-abogados","tag-fadecs","tag-general-roca","tag-nicolas-diaz","tag-universidad-nacional-del-comahue","tag-universidad-publica"],"jetpack_featured_media_url":"","_links":{"self":[{"href":"https:\/\/medialabpatagonia.org\/rocaciudaduniversitaria\/wp-json\/wp\/v2\/posts\/216","targetHints":{"allow":["GET"]}}],"collection":[{"href":"https:\/\/medialabpatagonia.org\/rocaciudaduniversitaria\/wp-json\/wp\/v2\/posts"}],"about":[{"href":"https:\/\/medialabpatagonia.org\/rocaciudaduniversitaria\/wp-json\/wp\/v2\/types\/post"}],"author":[{"embeddable":true,"href":"https:\/\/medialabpatagonia.org\/rocaciudaduniversitaria\/wp-json\/wp\/v2\/users\/43"}],"replies":[{"embeddable":true,"href":"https:\/\/medialabpatagonia.org\/rocaciudaduniversitaria\/wp-json\/wp\/v2\/comments?post=216"}],"version-history":[{"count":6,"href":"https:\/\/medialabpatagonia.org\/rocaciudaduniversitaria\/wp-json\/wp\/v2\/posts\/216\/revisions"}],"predecessor-version":[{"id":418,"href":"https:\/\/medialabpatagonia.org\/rocaciudaduniversitaria\/wp-json\/wp\/v2\/posts\/216\/revisions\/418"}],"wp:attachment":[{"href":"https:\/\/medialabpatagonia.org\/rocaciudaduniversitaria\/wp-json\/wp\/v2\/media?parent=216"}],"wp:term":[{"taxonomy":"category","embeddable":true,"href":"https:\/\/medialabpatagonia.org\/rocaciudaduniversitaria\/wp-json\/wp\/v2\/categories?post=216"},{"taxonomy":"post_tag","embeddable":true,"href":"https:\/\/medialabpatagonia.org\/rocaciudaduniversitaria\/wp-json\/wp\/v2\/tags?post=216"}],"curies":[{"name":"wp","href":"https:\/\/api.w.org\/{rel}","templated":true}]}}