{"id":213,"date":"2024-08-28T14:11:03","date_gmt":"2024-08-28T12:11:03","guid":{"rendered":"https:\/\/medialabpatagonia.org\/rocaciudaduniversitaria\/?p=213"},"modified":"2024-10-09T16:58:52","modified_gmt":"2024-10-09T14:58:52","slug":"los-aportes-de-la-facultad-de-lenguas-al-nucleo-urbano-de-la-ciudad","status":"publish","type":"post","link":"https:\/\/medialabpatagonia.org\/rocaciudaduniversitaria\/2024\/08\/28\/los-aportes-de-la-facultad-de-lenguas-al-nucleo-urbano-de-la-ciudad\/","title":{"rendered":"La facultad de Lenguas de Roca, una opci\u00f3n para formarse en idiomas con un toque regional"},"content":{"rendered":"\n<figure class=\"wp-block-image size-large is-resized\"><img loading=\"lazy\" decoding=\"async\" width=\"1024\" height=\"461\" src=\"https:\/\/medialabpatagonia.org\/rocaciudaduniversitaria\/wp-content\/uploads\/sites\/16\/2024\/08\/Imagen-de-WhatsApp-2024-06-05-a-las-22.45.36_82a00997-1024x461.jpg\" alt=\"\" class=\"wp-image-386\" style=\"width:1111px;height:auto\" srcset=\"https:\/\/medialabpatagonia.org\/rocaciudaduniversitaria\/wp-content\/uploads\/sites\/16\/2024\/08\/Imagen-de-WhatsApp-2024-06-05-a-las-22.45.36_82a00997-1024x461.jpg 1024w, https:\/\/medialabpatagonia.org\/rocaciudaduniversitaria\/wp-content\/uploads\/sites\/16\/2024\/08\/Imagen-de-WhatsApp-2024-06-05-a-las-22.45.36_82a00997-300x135.jpg 300w, https:\/\/medialabpatagonia.org\/rocaciudaduniversitaria\/wp-content\/uploads\/sites\/16\/2024\/08\/Imagen-de-WhatsApp-2024-06-05-a-las-22.45.36_82a00997-768x346.jpg 768w, https:\/\/medialabpatagonia.org\/rocaciudaduniversitaria\/wp-content\/uploads\/sites\/16\/2024\/08\/Imagen-de-WhatsApp-2024-06-05-a-las-22.45.36_82a00997-1536x691.jpg 1536w, https:\/\/medialabpatagonia.org\/rocaciudaduniversitaria\/wp-content\/uploads\/sites\/16\/2024\/08\/Imagen-de-WhatsApp-2024-06-05-a-las-22.45.36_82a00997-500x225.jpg 500w, https:\/\/medialabpatagonia.org\/rocaciudaduniversitaria\/wp-content\/uploads\/sites\/16\/2024\/08\/Imagen-de-WhatsApp-2024-06-05-a-las-22.45.36_82a00997-800x360.jpg 800w, https:\/\/medialabpatagonia.org\/rocaciudaduniversitaria\/wp-content\/uploads\/sites\/16\/2024\/08\/Imagen-de-WhatsApp-2024-06-05-a-las-22.45.36_82a00997-1280x576.jpg 1280w, https:\/\/medialabpatagonia.org\/rocaciudaduniversitaria\/wp-content\/uploads\/sites\/16\/2024\/08\/Imagen-de-WhatsApp-2024-06-05-a-las-22.45.36_82a00997.jpg 1600w\" sizes=\"auto, (max-width: 1024px) 100vw, 1024px\" \/><figcaption class=\"wp-element-caption\">Silvina Rodr\u00edguez, decana de la Facultad de Lenguas<\/figcaption><\/figure>\n\n\n\n<p style=\"font-size:22px;font-style:normal;font-weight:300\"><em>Por: Abril Baeza, Micaela Jara y Abigail Avila<\/em><\/p>\n\n\n\n<p><span style=\"font-weight: 400\">La Escuela Superior de Idiomas de Roca se fund\u00f3 el 25 de agosto de 1977 y poco m\u00e1s de tres d\u00e9cadas despu\u00e9s, de la mano del crecimiento y la experiencia de todos esos a\u00f1os, en 2011 se transform\u00f3 en Facultad de Lenguas. Desde ese lugar especial en la ciudad rionegrina que se erige como una alternativa de formaci\u00f3n para quienes buscan opciones en la regi\u00f3n, la decana Silvina Rodr\u00edguez remarc\u00f3 la importancia que que tienen este tipo de centros de formaci\u00f3n por la posibilidad que le ofrecen a los estudiantes para estudiar en su lugar de origen.&nbsp;<\/span><\/p>\n\n\n\n<p><span style=\"font-weight: 400\">Cree que en parte es un tema de econom\u00eda, porque \u201cno s\u00f3lo abaratan un mont\u00f3n los costos de lo que es la educaci\u00f3n terciaria, sino que tambi\u00e9n es un gran crecimiento para la ciudad\u201d. \u201cAl haber estudiantes en la zona, se mueven los supermercados, los medios de transporte; la ciudad adquiere otro tipo de vida universitaria, m\u00e1s joven, con otras inquietudes, es importante, sobre todo considerando c\u00f3mo est\u00e1 la situaci\u00f3n econ\u00f3mica en el pa\u00eds en este momento\u201d, grafic\u00f3 la decana.<\/span><\/p>\n\n\n\n<p><span style=\"font-weight: 400\">Fadel cuenta en la actualidad con dos carreras de grado: el profesorado y el traductorado p\u00fablico en Ingl\u00e9s; adem\u00e1s de tres carreras de posgrado que est\u00e1n reconocidas a nivel nacional e internacional. Adem\u00e1s, se extiende con una sede en Neuqu\u00e9n y adicionalmente, cuenta con un \u00e1rea de lenguaje mapuche para difundir el conocimiento de la lengua. Se trata de una oferta acad\u00e9mica, que seg\u00fan la decana Rodriguez, ofrece la posibilidad de que los institutos, o escuelas privadas o p\u00fablicas donde se ense\u00f1e ingl\u00e9s, puedan contar con docentes graduados en la regi\u00f3n.&nbsp; <\/span><\/p>\n\n\n\n<figure class=\"wp-block-video\"><video controls src=\"http:\/\/medialabpatagonia.org\/rocaciudaduniversitaria\/wp-content\/uploads\/sites\/16\/2024\/08\/Video-de-WhatsApp-2024-08-07-a-las-18.16.19_b7afbcae.mp4\"><\/video><\/figure>\n\n\n\n<p><span style=\"font-weight: 400\">La investigaci\u00f3n es otro pilar de Fadel, como una opci\u00f3n para ofrecer a quienes se grad\u00faan. \u201cLa idea del ida y vuelta de lo que la universidad le ofrece al medio, y lo que el medio necesita de la universidad est\u00e1 siempre presente\u201d, resalt\u00f3 Rodr\u00edguez, y explic\u00f3 que la facultad apunta a que quienes obtienen su t\u00edtulo universitario se inserten en una escuela o en una instituci\u00f3n privada o p\u00fablica de la regi\u00f3n. En la actualidad, son aproximadamente unas 800 personas las que est\u00e1n en ese proceso formativo y que potencialmente podr\u00edan cumplir con ese objetivo.&nbsp;<\/span><\/p>\n\n\n\n<p><span style=\"font-weight: 400\">El marco de la emergencia presupuestaria en que se hallan las universidades p\u00fablicas no le es ajeno a la facultad de Roca. La decana coment\u00f3 que es una situaci\u00f3n de arrastre: \u201cestamos acostumbrados a administrar la miseria\u201d, sentenci\u00f3 la decana, lo que no impide que, desde el romanticismo de la docencia, apele a una met\u00e1fora b\u00edblica y explique que, en el d\u00eda a d\u00eda, \u201ctratamos de hacer milagros con lo poco que tenemos\u201d.<\/span><\/p>\n","protected":false},"excerpt":{"rendered":"<p>Por: Abril Baeza, Micaela Jara y Abigail Avila La Escuela Superior de Idiomas de Roca se fund\u00f3 el 25 de agosto de 1977 y poco m\u00e1s de tres d\u00e9cadas despu\u00e9s, de la mano del crecimiento y la experiencia de todos esos a\u00f1os, en 2011 se transform\u00f3 en Facultad de Lenguas. Desde ese lugar especial en [&hellip;]<\/p>\n","protected":false},"author":43,"featured_media":0,"comment_status":"open","ping_status":"open","sticky":false,"template":"","format":"standard","meta":{"_exactmetrics_skip_tracking":false,"_exactmetrics_sitenote_active":false,"_exactmetrics_sitenote_note":"","_exactmetrics_sitenote_category":0,"footnotes":""},"categories":[1],"tags":[57,55,18,58,56,59,10],"class_list":["post-213","post","type-post","status-publish","format-standard","hentry","category-sin-categoria","tag-escuela-superior-de-idiomas","tag-fadel","tag-general-roca","tag-profesora-de-ingles","tag-silvina-rodriguez","tag-traductorado-publico-en-ingles","tag-universidad-nacional-del-comahue"],"jetpack_featured_media_url":"","_links":{"self":[{"href":"https:\/\/medialabpatagonia.org\/rocaciudaduniversitaria\/wp-json\/wp\/v2\/posts\/213","targetHints":{"allow":["GET"]}}],"collection":[{"href":"https:\/\/medialabpatagonia.org\/rocaciudaduniversitaria\/wp-json\/wp\/v2\/posts"}],"about":[{"href":"https:\/\/medialabpatagonia.org\/rocaciudaduniversitaria\/wp-json\/wp\/v2\/types\/post"}],"author":[{"embeddable":true,"href":"https:\/\/medialabpatagonia.org\/rocaciudaduniversitaria\/wp-json\/wp\/v2\/users\/43"}],"replies":[{"embeddable":true,"href":"https:\/\/medialabpatagonia.org\/rocaciudaduniversitaria\/wp-json\/wp\/v2\/comments?post=213"}],"version-history":[{"count":4,"href":"https:\/\/medialabpatagonia.org\/rocaciudaduniversitaria\/wp-json\/wp\/v2\/posts\/213\/revisions"}],"predecessor-version":[{"id":416,"href":"https:\/\/medialabpatagonia.org\/rocaciudaduniversitaria\/wp-json\/wp\/v2\/posts\/213\/revisions\/416"}],"wp:attachment":[{"href":"https:\/\/medialabpatagonia.org\/rocaciudaduniversitaria\/wp-json\/wp\/v2\/media?parent=213"}],"wp:term":[{"taxonomy":"category","embeddable":true,"href":"https:\/\/medialabpatagonia.org\/rocaciudaduniversitaria\/wp-json\/wp\/v2\/categories?post=213"},{"taxonomy":"post_tag","embeddable":true,"href":"https:\/\/medialabpatagonia.org\/rocaciudaduniversitaria\/wp-json\/wp\/v2\/tags?post=213"}],"curies":[{"name":"wp","href":"https:\/\/api.w.org\/{rel}","templated":true}]}}