{"id":189,"date":"2024-08-28T14:11:18","date_gmt":"2024-08-28T12:11:18","guid":{"rendered":"https:\/\/medialabpatagonia.org\/rocaciudaduniversitaria\/?p=189"},"modified":"2025-10-22T14:43:03","modified_gmt":"2025-10-22T12:43:03","slug":"el-valor-de-la-etica-periodistica-en-la-formacion-de-profesionales","status":"publish","type":"post","link":"https:\/\/medialabpatagonia.org\/rocaciudaduniversitaria\/2024\/08\/28\/el-valor-de-la-etica-periodistica-en-la-formacion-de-profesionales\/","title":{"rendered":"El valor de la \u00e9tica period\u00edstica en la formaci\u00f3n de profesionales"},"content":{"rendered":"<p><strong>Melina Campos lleva m\u00e1s de diez a\u00f1os ejerciendo su profesi\u00f3n como periodista, desde su lugar en el sindicato \u00danico de Prensa de R\u00edo Negro destac\u00f3 el impacto que tiene la carrera de Comunicaci\u00f3n Social en la provincia de R\u00edo Negro y el valor del sindicato en la visibilidad de los problemas en el \u00e1mbito laborar.<\/strong><\/p>\n<p><em>Por: Joaqu\u00edn Camacho y Glasiel Leal<\/em><\/p><figure style=\"width: 1024px\" class=\"wp-caption alignnone\"><img loading=\"lazy\" decoding=\"async\" class=\"Entrevistada SUPREN\" title=\"Melina Ortiz Campos\" src=\"https:\/\/adepa.org.ar\/wp-content\/uploads\/2023\/12\/ENTREGA-DE-PREMIOS-ADEPA-2023-13-12-23-65-1024x683.jpg\" alt=\"Entrega de la Menci\u00f3n Especial en la Categor\u00eda Historia y Cultura a Melina Campos en los Premios ADEPA al Periodismo 2023\" width=\"1024\" height=\"683\" \/><figcaption class=\"wp-caption-text\">Menci\u00f3n Especial en la Categor\u00eda Historia y Cultura Melina Campos en los Premios ADEPA al Periodismo 2023<\/figcaption><\/figure><p>Empezaron como la Asamblea de Trabajadores en el diario R\u00edo Negro, luego se volvi\u00f3 la Comisi\u00f3n Normalizadora del Sindicato, que estaba indicativo en el Alto Valle y ahora se unieron a Viedma y Bariloche para formar el Sindicato Provincial. La Comisi\u00f3n directiva se termin\u00f3 de conformar el primero de mayo del 2024. El objetivo principal del sindicato es el de respaldar los derechos de los trabajadores, buscando sueldos m\u00e1s dignos, horarios laborales correspondientes, y evitar la precarizaci\u00f3n del personal laboral en diversas \u00e1reas.<\/p>\n<p>La periodista Melina Ortiz Campos, integrante del Sindicato \u00danico de Prensa de Rio Negro <a href=\"https:\/\/www.instagram.com\/suprenrionegro\/?hl=es-la%3F%2F\">(SUPREN),<\/a> cont\u00f3 acerca de la importancia de la carrera en la formaci\u00f3n de los futuros periodistas.<\/p>\n<p><b>\u00bfEn alg\u00fan momento pens\u00f3 qu\u00e9 pasar\u00eda si no existiera la carrera?<\/b><\/p>\n<ul>\n<li>Sinceramente no me lo puse a pensar porque uno naturaliza la existencia de las cosas. Si no estuviera la carrera ser\u00eda un golpe para lo que es el oficio y para la informaci\u00f3n que puede tener una comunidad, y ni hablar del estudiante que se tendr\u00eda que ir a otra ciudad para estudiar la carrera, Roca se ver\u00eda afectada porque los estudiantes mueven un mont\u00f3n de recursos que representan bastante para la ciudad\u201d.<\/li>\n<\/ul>\n<p><b>\u00bfCu\u00e1ntos alumnos cree que terminan la carrera?<\/b><\/p>\n<ul>\n<li>Muy pocos son los chicos que terminan la carrera, yo recuerdo que solo el 40% de mi camada se recibi\u00f3, es que en un momento empez\u00e1s a sumar \u00e1reas a tu vida y dejas un poco de lado la carrera. A mi me faltan 5 materias y la tesis, es como que de alguna manera estoy en deuda con la carrera.<\/li>\n<\/ul>\n<p><b>\u00bfHay una diferencia entre un periodista que pas\u00f3 por la universidad y otro que no?<\/b><\/p>\n<ul>\n<li>Se nota la diferencia, no solo por una cuesti\u00f3n de lectura de la realidad, de recorte de qu\u00e9 es lo importante, sino tambi\u00e9n por el ejercicio de la \u00e9tica period\u00edstica, que eso es muy valioso. Cuando tomas conciencia del rol que tiene uno como comunicador a nivel social y de la importancia que puede ejercer, te das cuenta de que todas las realidades tienen que ser visibilizadas. Algo que es muy fuerte de decir es que el diario paga lo mismo estando recibido al igual que no.<\/li>\n<\/ul>\n<p><b>\u00bfExiste posibilidad de formaci\u00f3n permanente y estas actividades mejoran el nivel de los profesionales?<\/b><\/p>\n<ul>\n<li>Hay muchos chicos que cuando escriben notas, al no ser recibido, tienen dudas de c\u00f3mo se escribe algo o necesitan tener una pr\u00e1ctica constante, entonces existen actividades que ayudan a eso. Yo s\u00e9 que en la facultad hay actividades permanentes en el Observatorio. En temas de posgrados por ejemplo yo no puedo acceder por la falta de un t\u00edtulo y eso es como un impedimento para poder seguir adquiriendo conocimiento. Por eso desde el sindicato estamos viendo formas de cambiar esa situaci\u00f3n y estamos empezando con el <a href=\"https:\/\/fadeweb.uncoma.edu.ar\/index.php\/2024\/06\/07\/7j-dia-de-los-y-las-periodistas-conversatorio-para-fortalecer-el-ejercicio-del-oficio\/\">conversatorio<\/a>, pero esa es una actividad dirigida a la gente dentro de la facultad, estamos charlando para poder hacer actividades m\u00e1s abiertas.<\/li>\n<\/ul>\n<p><b>\u00bfQu\u00e9 tienen en cuenta los diarios para contratar a un profesional?<\/b><\/p>\n<ul>\n<li>Apunta a resultados que se puedan monetizar, se fijan mucho en la adaptabilidad, porque se precariza. A mi me paso cuando estaba en la parte online, ten\u00eda que saber de policiales, de judiciales, de nacionales, de internacionales, tenias que ser multitasking. En mi experiencia cuesta la inserci\u00f3n y muchos terminan abriendo su propio espacio, cada uno busca su nicho.<\/li>\n<\/ul>\n<p><b>\u00bfPara que se cre\u00f3 el Sindicato?<\/b><\/p>\n<ul>\n<li>Hay muchos problemas en el \u00e1mbito laboral, por ejemplo en el diario est\u00e1n llegando muchas renuncias por los salarios. El sindicato vino a visibilizar esos problemas y buscar una soluci\u00f3n, porque se gener\u00f3 esta imagen de que el periodista no reclama, el periodista visibiliza el reclamo ajeno pero nunca impulsa el propio.<\/li>\n<\/ul>\n<p>Adem\u00e1s Campos coment\u00f3 que aunque la realidad del trabajo period\u00edstico suene triste, no hay que dejarse pasar por encima y hay que hacer valer el trabajo del periodista.<\/p>\n\n\n<figure class=\"wp-block-image size-large is-resized\" id=\"https:\/\/www.facebook.com\/photo?fbid=934712895129275&amp;set=pcb.934713161795915\"><img loading=\"lazy\" decoding=\"async\" width=\"1024\" height=\"768\" src=\"https:\/\/medialabpatagonia.org\/rocaciudaduniversitaria\/wp-content\/uploads\/sites\/16\/2024\/08\/SUPREN-1024x768.jpg\" alt=\"SUPREN Seccional Atl\u00e1ntica presente en las actividades sindicales de la regi\u00f3n\nCapacitaci\u00f3n Sindical en Carmen de Patagones\" class=\"wp-image-341\" style=\"width:1373px;height:auto\" title=\"CAPACITACION SINDICAL\" srcset=\"https:\/\/medialabpatagonia.org\/rocaciudaduniversitaria\/wp-content\/uploads\/sites\/16\/2024\/08\/SUPREN-1024x768.jpg 1024w, https:\/\/medialabpatagonia.org\/rocaciudaduniversitaria\/wp-content\/uploads\/sites\/16\/2024\/08\/SUPREN-300x225.jpg 300w, https:\/\/medialabpatagonia.org\/rocaciudaduniversitaria\/wp-content\/uploads\/sites\/16\/2024\/08\/SUPREN-768x576.jpg 768w, https:\/\/medialabpatagonia.org\/rocaciudaduniversitaria\/wp-content\/uploads\/sites\/16\/2024\/08\/SUPREN-1536x1152.jpg 1536w, https:\/\/medialabpatagonia.org\/rocaciudaduniversitaria\/wp-content\/uploads\/sites\/16\/2024\/08\/SUPREN-500x375.jpg 500w, https:\/\/medialabpatagonia.org\/rocaciudaduniversitaria\/wp-content\/uploads\/sites\/16\/2024\/08\/SUPREN-800x600.jpg 800w, https:\/\/medialabpatagonia.org\/rocaciudaduniversitaria\/wp-content\/uploads\/sites\/16\/2024\/08\/SUPREN-1280x960.jpg 1280w, https:\/\/medialabpatagonia.org\/rocaciudaduniversitaria\/wp-content\/uploads\/sites\/16\/2024\/08\/SUPREN.jpg 1600w\" sizes=\"auto, (max-width: 1024px) 100vw, 1024px\" \/><figcaption class=\"wp-element-caption\">Capacitaci\u00f3n Sindical en Carmen de Patagones.  Fuente: Facebook, SUPREN RN VIEDMA<\/figcaption><\/figure>\n","protected":false},"excerpt":{"rendered":"<p>Melina Campos lleva m\u00e1s de diez a\u00f1os ejerciendo su profesi\u00f3n como periodista, desde su lugar en el sindicato \u00danico de Prensa de R\u00edo Negro destac\u00f3 el impacto que tiene la carrera de Comunicaci\u00f3n Social en la provincia de R\u00edo Negro y el valor del sindicato en la visibilidad de los problemas en el \u00e1mbito laborar. [&hellip;]<\/p>\n","protected":false},"author":49,"featured_media":0,"comment_status":"open","ping_status":"open","sticky":false,"template":"","format":"standard","meta":{"_exactmetrics_skip_tracking":false,"_exactmetrics_sitenote_active":false,"_exactmetrics_sitenote_note":"","_exactmetrics_sitenote_category":0,"footnotes":""},"categories":[1],"tags":[17,20,19,18,31,32,33,35,34,30],"class_list":["post-189","post","type-post","status-publish","format-standard","hentry","category-sin-categoria","tag-educacion-publica","tag-fiske","tag-fiske-menuco","tag-general-roca","tag-melinacampos","tag-periodismo","tag-periodistas","tag-rionegro","tag-sindicato","tag-supren"],"jetpack_featured_media_url":"","_links":{"self":[{"href":"https:\/\/medialabpatagonia.org\/rocaciudaduniversitaria\/wp-json\/wp\/v2\/posts\/189","targetHints":{"allow":["GET"]}}],"collection":[{"href":"https:\/\/medialabpatagonia.org\/rocaciudaduniversitaria\/wp-json\/wp\/v2\/posts"}],"about":[{"href":"https:\/\/medialabpatagonia.org\/rocaciudaduniversitaria\/wp-json\/wp\/v2\/types\/post"}],"author":[{"embeddable":true,"href":"https:\/\/medialabpatagonia.org\/rocaciudaduniversitaria\/wp-json\/wp\/v2\/users\/49"}],"replies":[{"embeddable":true,"href":"https:\/\/medialabpatagonia.org\/rocaciudaduniversitaria\/wp-json\/wp\/v2\/comments?post=189"}],"version-history":[{"count":3,"href":"https:\/\/medialabpatagonia.org\/rocaciudaduniversitaria\/wp-json\/wp\/v2\/posts\/189\/revisions"}],"predecessor-version":[{"id":363,"href":"https:\/\/medialabpatagonia.org\/rocaciudaduniversitaria\/wp-json\/wp\/v2\/posts\/189\/revisions\/363"}],"wp:attachment":[{"href":"https:\/\/medialabpatagonia.org\/rocaciudaduniversitaria\/wp-json\/wp\/v2\/media?parent=189"}],"wp:term":[{"taxonomy":"category","embeddable":true,"href":"https:\/\/medialabpatagonia.org\/rocaciudaduniversitaria\/wp-json\/wp\/v2\/categories?post=189"},{"taxonomy":"post_tag","embeddable":true,"href":"https:\/\/medialabpatagonia.org\/rocaciudaduniversitaria\/wp-json\/wp\/v2\/tags?post=189"}],"curies":[{"name":"wp","href":"https:\/\/api.w.org\/{rel}","templated":true}]}}