{"id":165,"date":"2024-08-27T21:00:37","date_gmt":"2024-08-27T19:00:37","guid":{"rendered":"https:\/\/medialabpatagonia.org\/rocaciudaduniversitaria\/?p=165"},"modified":"2024-09-24T22:36:29","modified_gmt":"2024-09-24T20:36:29","slug":"decano-fernandez-la-dimension-universitaria-es-para-nosotros-parte-de-la-identidad-de-roca","status":"publish","type":"post","link":"https:\/\/medialabpatagonia.org\/rocaciudaduniversitaria\/2024\/08\/27\/decano-fernandez-la-dimension-universitaria-es-para-nosotros-parte-de-la-identidad-de-roca\/","title":{"rendered":"La Facultad de Derecho y Ciencias Sociales, una de las claves de la identidad universitaria de Roca\u201d"},"content":{"rendered":"\n<p class=\"has-small-font-size\"><em>Por: Constansa Ramos, Simon Massri, Samuel Urrutia<\/em><\/p>\n\n\n\n<h4 class=\"wp-block-heading\"><span style=\"font-weight: 400\"><strong>Para el decano Juan Carlos Fern\u00e1ndez, es una parte indivisible de la historia, pero tambi\u00e9n de la actualidad de la ciudad que, solo en la sede de la UNCo, con su oferta de carreras de grado contiene anualmente a 4000 estudiantes.<\/strong><\/span><\/h4>\n\n\n\n<figure class=\"wp-block-image size-large\"><img loading=\"lazy\" decoding=\"async\" width=\"1024\" height=\"576\" src=\"https:\/\/medialabpatagonia.org\/rocaciudaduniversitaria\/wp-content\/uploads\/sites\/16\/2024\/07\/Imagen-de-WhatsApp-2024-07-05-a-las-14.43.22_d99ee4e4-1024x576.jpg\" alt=\"\" class=\"wp-image-181\" srcset=\"https:\/\/medialabpatagonia.org\/rocaciudaduniversitaria\/wp-content\/uploads\/sites\/16\/2024\/07\/Imagen-de-WhatsApp-2024-07-05-a-las-14.43.22_d99ee4e4-1024x576.jpg 1024w, https:\/\/medialabpatagonia.org\/rocaciudaduniversitaria\/wp-content\/uploads\/sites\/16\/2024\/07\/Imagen-de-WhatsApp-2024-07-05-a-las-14.43.22_d99ee4e4-300x169.jpg 300w, https:\/\/medialabpatagonia.org\/rocaciudaduniversitaria\/wp-content\/uploads\/sites\/16\/2024\/07\/Imagen-de-WhatsApp-2024-07-05-a-las-14.43.22_d99ee4e4-768x432.jpg 768w, https:\/\/medialabpatagonia.org\/rocaciudaduniversitaria\/wp-content\/uploads\/sites\/16\/2024\/07\/Imagen-de-WhatsApp-2024-07-05-a-las-14.43.22_d99ee4e4-1536x864.jpg 1536w, https:\/\/medialabpatagonia.org\/rocaciudaduniversitaria\/wp-content\/uploads\/sites\/16\/2024\/07\/Imagen-de-WhatsApp-2024-07-05-a-las-14.43.22_d99ee4e4-500x281.jpg 500w, https:\/\/medialabpatagonia.org\/rocaciudaduniversitaria\/wp-content\/uploads\/sites\/16\/2024\/07\/Imagen-de-WhatsApp-2024-07-05-a-las-14.43.22_d99ee4e4-800x450.jpg 800w, https:\/\/medialabpatagonia.org\/rocaciudaduniversitaria\/wp-content\/uploads\/sites\/16\/2024\/07\/Imagen-de-WhatsApp-2024-07-05-a-las-14.43.22_d99ee4e4-1280x720.jpg 1280w, https:\/\/medialabpatagonia.org\/rocaciudaduniversitaria\/wp-content\/uploads\/sites\/16\/2024\/07\/Imagen-de-WhatsApp-2024-07-05-a-las-14.43.22_d99ee4e4.jpg 1600w\" sizes=\"auto, (max-width: 1024px) 100vw, 1024px\" \/><\/figure>\n\n\n\n<p><span style=\"font-weight: 400\">En medio de un intenso debate que cuestiona el rol de las universidades nacionales en la sociedad argentina, y luego de una marcha que moviliz\u00f3 a millones en todo el pa\u00eds en defensa de estas instituciones, la Facultad de Derecho y Ciencias Sociales cumple un rol determinante en la identidad regional. Para el decano Juan Carlos Fern\u00e1ndez, la historia de la instituci\u00f3n es parte de la historia de la ciudad, en esa identidad de comunidad local.<\/span><\/p>\n\n\n\n<p><span style=\"font-weight: 400\">\u201cRoca es una ciudad universitaria -repite constantemente como si fuera un mantra- y dentro de esa dimensi\u00f3n de ciudad universitaria, la Fadecs es la que tiene m\u00e1s historia, m\u00e1s trayectoria, m\u00e1s posicionamiento\u201d, indic\u00f3 Fern\u00e1ndez respecto de esta sede de la UNCo que abri\u00f3 sus puertas a principios de los a\u00f1os \u201870 y que form\u00f3 generaciones de estudiantes en sus pasillos y aulas.&nbsp;<\/span><\/p>\n\n\n\n<p><span style=\"font-weight: 400\">En la actualidad, con aproximadamente 4.000 estudiantes en las carreras de grado y cerca de 60 graduados por a\u00f1o, la <a href=\"https:\/\/fadeweb.uncoma.edu.ar\/\">FADECS<\/a> ocupa un lugar fundamental en la ciudad. \u201cAdem\u00e1s del car\u00e1cter agrario y frut\u00edcola que tiene la ciudad, la dimensi\u00f3n universitaria es, para nosotros (&#8230;) claramente identitaria de General Roca\u201d, estim\u00f3 el decano, para quien \u201cese perfil, que implica tambi\u00e9n un potencial, tiene que ser desarrollado con much\u00edsima profundidad\u201d.<\/span><\/p>\n\n\n\n<figure class=\"wp-block-embed is-type-video is-provider-youtube wp-block-embed-youtube wp-embed-aspect-16-9 wp-has-aspect-ratio\"><div class=\"wp-block-embed__wrapper\">\n<iframe loading=\"lazy\" title=\"Juan Carlos Fernandez  Decano de la Facultad de Derecho y Ciencias Sociales\" width=\"500\" height=\"281\" src=\"https:\/\/www.youtube.com\/embed\/7UQWb-oADqY?feature=oembed\" frameborder=\"0\" allow=\"accelerometer; autoplay; clipboard-write; encrypted-media; gyroscope; picture-in-picture; web-share\" referrerpolicy=\"strict-origin-when-cross-origin\" allowfullscreen><\/iframe>\n<\/div><\/figure>\n\n\n\n<p><b>El problema presupuestario<\/b><\/p>\n\n\n\n<p><span style=\"font-weight: 400\"><a href=\"https:\/\/www.uncoma.edu.ar\/\">La Universidad Nacional del Comahue<\/a>, al igual que todas las universidades nacionales en el pa\u00eds, se enfrenta este \u00faltimo a\u00f1o a un problema que la atormenta: el recorte presupuestario del gobierno nacional.<\/span><\/p>\n\n\n\n<p><span style=\"font-weight: 400\">El decano explic\u00f3 que, en un contexto como el actual, hay que analizar dos dimensiones fundamentales para entender el impacto de este recorte en la facultad: \u201cEl primero es el ajuste o la restricci\u00f3n a la universidad, pero el otro es el ajuste o la restricci\u00f3n de la capacidad econ\u00f3mica en cada una de las familias cuyos hijos e hijas&nbsp; vienen a la universidad\u201d.<\/span><\/p>\n\n\n\n<p><span style=\"font-weight: 400\">En cuanto al recorte a las universidades, el decano expres\u00f3 con preocupaci\u00f3n que \u201cno se trata de una restricci\u00f3n presupuestaria, sino de una pretensi\u00f3n de revisi\u00f3n del perfil del sistema universitario argentino. Porque la restricci\u00f3n se ha llevado a l\u00edmites tan impactantes que uno no puede dejar de percibir que el direccionamiento es a las bases mismas de la instituci\u00f3n.\u201d<\/span><\/p>\n\n\n\n<p><span style=\"font-weight: 400\">Aunque el gobierno nacional anunci\u00f3 aumentos en el presupuesto, solo apuntan a los gastos b\u00e1sicos de la facultad, lo que no permite invertir en otros sectores. \u201cUna facultad es algo m\u00e1s que la luz, el gas y el agua; es tambi\u00e9n investigaci\u00f3n. Es fundamentalmente investigaci\u00f3n. Las otras dimensiones son una consecuencia de la generaci\u00f3n del conocimiento\u201d, estim\u00f3 Fern\u00e1ndez.<\/span><\/p>\n\n\n\n<p><span style=\"font-weight: 400\">Frente a los problemas, el decano contrast\u00f3 con la importancia de la universidad p\u00fablica dentro de la sociedad. \u201cNo hay ninguna familia en donde no haya una historia de una persona que se haya formado en la universidad p\u00fablica y que entonces muchas veces ha sostenido esa familia y que ha permitido crecimiento y proyecci\u00f3n. Tampoco hay ninguna familia en donde el horizonte no est\u00e9 asociado a la universidad p\u00fablica\u201d, ejemplific\u00f3&nbsp;<\/span><\/p>\n\n\n\n<p><b>La post pandemia&nbsp;<\/b><\/p>\n\n\n\n<p><span style=\"font-weight: 400\">Los efectos de la pandemia, con todas las innovaciones y cambios que implic\u00f3 a nivel educativo, siguen presentes al d\u00eda de hoy, y el decano destac\u00f3&nbsp; las opciones que permite la virtualidad para las carreras de grado, con la presencialidad, por un lado, y con presencialidad remota,&nbsp; en la que se admite&nbsp; un porcentaje de clases virtuales, por el otro. <\/span><\/p>\n\n\n\n<p><span style=\"font-weight: 400\">Aunque estos cambios en las modalidades educativas podr\u00edan llegar a afectar al sector econ\u00f3mico de la ciudad, el decano asegur\u00f3 que esto no es as\u00ed, ya que \u201cpor m\u00e1s que eventualmente se incorporen clases virtuales (&#8230;) las personas no han dejado de venir a instalarse y a vivir a la ciudad de General Roca, aun cuando tengan alg\u00fan grado de clases virtuales\u201d.<\/span><\/p>\n\n\n\n<p><span style=\"font-weight: 400\">Un segundo aspecto de la post pandemia, y que podr\u00eda llegar a tener un gran impacto en la ciudad tanto a nivel econ\u00f3mico como cultural, es la investigaci\u00f3n acad\u00e9mica. Fern\u00e1ndez se\u00f1al\u00f3 que tras la incorporaci\u00f3n de la virtualidad a la ense\u00f1anza, se modific\u00f3 fuertemente el sistema universitario a nivel mundial y que ahora \u201cexiste una potencialidad fuerte para la investigaci\u00f3n globalizada internacional\u201d. \u201cEl conocimiento ya no viaja en avi\u00f3n, sino que puede viajar en internet\u201d, observ\u00f3 respecto de la posibilidad de conectarse y de crear equipos de trabajo con integrantes de distintos centros educativos del pa\u00eds o el mundo.<\/span><\/p>\n\n\n\n<p><span style=\"font-weight: 400\">Un segundo aspecto que ha cambiado en la universidad post pandemia, y que podr\u00eda llegar a tener un gran impacto en la ciudad tanto a nivel econ\u00f3mico como cultural, es la investigaci\u00f3n acad\u00e9mica. Fern\u00e1ndez cuenta que en los \u00faltimos a\u00f1os y tras la incorporaci\u00f3n de la virtualidad a la ense\u00f1anza, modific\u00f3 fuertemente el sistema universitario a nivel mundial y que ahora \u201cexiste una potencialidad fuerte para la investigaci\u00f3n globalizada internacional\u201d. El decano observa c\u00f3mo \u201cel conocimiento ya no viaja en avi\u00f3n, sino que puede viajar en internet\u201d y explica que la posibilidad de conectarse con profesores e investigadores a lo largo del mundo a trav\u00e9s de internet ha tomado la centralidad de los centros de investigaci\u00f3n a nivel mundial de las grandes ciudades y capitales.<\/span><\/p>\n\n\n\n<figure class=\"wp-block-embed is-type-video is-provider-youtube wp-block-embed-youtube wp-embed-aspect-16-9 wp-has-aspect-ratio\"><div class=\"wp-block-embed__wrapper\">\n<iframe loading=\"lazy\" title=\"Juan Carlos Fernandez  Decano de la Facultad de Derecho y Ciencias Sociales  2\" width=\"500\" height=\"281\" src=\"https:\/\/www.youtube.com\/embed\/CE1cRcK1IuY?feature=oembed\" frameborder=\"0\" allow=\"accelerometer; autoplay; clipboard-write; encrypted-media; gyroscope; picture-in-picture; web-share\" referrerpolicy=\"strict-origin-when-cross-origin\" allowfullscreen><\/iframe>\n<\/div><\/figure>\n\n\n\n<p><span style=\"font-weight: 400\">El nuevo contexto, entonces, para Fernandez es una nueva oportunidad para la ciudad. \u201cSi nosotros somos una ciudad universitaria, bien podemos pensarnos en una ciudad que genere la infraestructura para que los encuentros presenciales dentro del \u00e1mbito de estas investigaciones se hagan en nuestra localidad con todo el impacto econ\u00f3mico que eso genera\u201d, afirm\u00f3. &nbsp;<\/span><\/p>\n","protected":false},"excerpt":{"rendered":"<p>Por: Constansa Ramos, Simon Massri, Samuel Urrutia Para el decano Juan Carlos Fern\u00e1ndez, es una parte indivisible de la historia, pero tambi\u00e9n de la actualidad de la ciudad que, solo en la sede de la UNCo, con su oferta de carreras de grado contiene anualmente a 4000 estudiantes. En medio de un intenso debate que [&hellip;]<\/p>\n","protected":false},"author":46,"featured_media":0,"comment_status":"open","ping_status":"open","sticky":false,"template":"","format":"standard","meta":{"_exactmetrics_skip_tracking":false,"_exactmetrics_sitenote_active":false,"_exactmetrics_sitenote_note":"","_exactmetrics_sitenote_category":0,"footnotes":""},"categories":[1],"tags":[17,22,19,18,10],"class_list":["post-165","post","type-post","status-publish","format-standard","hentry","category-sin-categoria","tag-educacion-publica","tag-fadecs","tag-fiske-menuco","tag-general-roca","tag-universidad-nacional-del-comahue"],"jetpack_featured_media_url":"","_links":{"self":[{"href":"https:\/\/medialabpatagonia.org\/rocaciudaduniversitaria\/wp-json\/wp\/v2\/posts\/165","targetHints":{"allow":["GET"]}}],"collection":[{"href":"https:\/\/medialabpatagonia.org\/rocaciudaduniversitaria\/wp-json\/wp\/v2\/posts"}],"about":[{"href":"https:\/\/medialabpatagonia.org\/rocaciudaduniversitaria\/wp-json\/wp\/v2\/types\/post"}],"author":[{"embeddable":true,"href":"https:\/\/medialabpatagonia.org\/rocaciudaduniversitaria\/wp-json\/wp\/v2\/users\/46"}],"replies":[{"embeddable":true,"href":"https:\/\/medialabpatagonia.org\/rocaciudaduniversitaria\/wp-json\/wp\/v2\/comments?post=165"}],"version-history":[{"count":12,"href":"https:\/\/medialabpatagonia.org\/rocaciudaduniversitaria\/wp-json\/wp\/v2\/posts\/165\/revisions"}],"predecessor-version":[{"id":394,"href":"https:\/\/medialabpatagonia.org\/rocaciudaduniversitaria\/wp-json\/wp\/v2\/posts\/165\/revisions\/394"}],"wp:attachment":[{"href":"https:\/\/medialabpatagonia.org\/rocaciudaduniversitaria\/wp-json\/wp\/v2\/media?parent=165"}],"wp:term":[{"taxonomy":"category","embeddable":true,"href":"https:\/\/medialabpatagonia.org\/rocaciudaduniversitaria\/wp-json\/wp\/v2\/categories?post=165"},{"taxonomy":"post_tag","embeddable":true,"href":"https:\/\/medialabpatagonia.org\/rocaciudaduniversitaria\/wp-json\/wp\/v2\/tags?post=165"}],"curies":[{"name":"wp","href":"https:\/\/api.w.org\/{rel}","templated":true}]}}