{"id":160,"date":"2024-08-27T21:01:51","date_gmt":"2024-08-27T19:01:51","guid":{"rendered":"https:\/\/medialabpatagonia.org\/rocaciudaduniversitaria\/?p=160"},"modified":"2024-09-25T23:40:47","modified_gmt":"2024-09-25T21:40:47","slug":"formacion-continua-y-un-ejercito-de-reserva-los-impactos-de-la-primera-carrera-universitaria-en-la-ciudad","status":"publish","type":"post","link":"https:\/\/medialabpatagonia.org\/rocaciudaduniversitaria\/2024\/08\/27\/formacion-continua-y-un-ejercito-de-reserva-los-impactos-de-la-primera-carrera-universitaria-en-la-ciudad\/","title":{"rendered":"Formaci\u00f3n continua y un ej\u00e9rcito de reserva: los impactos de la primera carrera universitaria en la ciudad"},"content":{"rendered":"\n<p class=\"has-medium-font-size\"><em>Por: Constansa Ramos, Simon Massri<\/em><\/p>\n\n\n\n<p><span style=\"font-weight: 400\"><strong>La primera carrera que ofreci\u00f3 la FADECs en General Roca fue la de Trabajo Social. Desde entonces, cientos de j\u00f3venes roquenses y de otras localidades se han formado en esta profesi\u00f3n. Albina Sienra, graduada de la carrera, explica c\u00f3mo es trabajar en un \u00e1rea \u201ctan frustrante como hermosa\u201d y cu\u00e1l es su impacto en la ciudad.<\/strong><\/span><\/p>\n\n\n\n<figure class=\"wp-block-image size-large\"><img loading=\"lazy\" decoding=\"async\" width=\"1024\" height=\"576\" src=\"https:\/\/medialabpatagonia.org\/rocaciudaduniversitaria\/wp-content\/uploads\/sites\/16\/2024\/08\/Diseno-sin-titulo-3-1024x576.png\" alt=\"\" class=\"wp-image-328\" srcset=\"https:\/\/medialabpatagonia.org\/rocaciudaduniversitaria\/wp-content\/uploads\/sites\/16\/2024\/08\/Diseno-sin-titulo-3-1024x576.png 1024w, https:\/\/medialabpatagonia.org\/rocaciudaduniversitaria\/wp-content\/uploads\/sites\/16\/2024\/08\/Diseno-sin-titulo-3-300x169.png 300w, https:\/\/medialabpatagonia.org\/rocaciudaduniversitaria\/wp-content\/uploads\/sites\/16\/2024\/08\/Diseno-sin-titulo-3-768x432.png 768w, https:\/\/medialabpatagonia.org\/rocaciudaduniversitaria\/wp-content\/uploads\/sites\/16\/2024\/08\/Diseno-sin-titulo-3-1536x864.png 1536w, https:\/\/medialabpatagonia.org\/rocaciudaduniversitaria\/wp-content\/uploads\/sites\/16\/2024\/08\/Diseno-sin-titulo-3-500x281.png 500w, https:\/\/medialabpatagonia.org\/rocaciudaduniversitaria\/wp-content\/uploads\/sites\/16\/2024\/08\/Diseno-sin-titulo-3-800x450.png 800w, https:\/\/medialabpatagonia.org\/rocaciudaduniversitaria\/wp-content\/uploads\/sites\/16\/2024\/08\/Diseno-sin-titulo-3-1280x720.png 1280w, https:\/\/medialabpatagonia.org\/rocaciudaduniversitaria\/wp-content\/uploads\/sites\/16\/2024\/08\/Diseno-sin-titulo-3.png 1920w\" sizes=\"auto, (max-width: 1024px) 100vw, 1024px\" \/><figcaption class=\"wp-element-caption\">Albina Sienra<\/figcaption><\/figure>\n\n\n\n<p><span style=\"font-weight: 400\">Albina Sienra es licenciada y docente en Servicio Social recibida en la <a href=\"https:\/\/fadeweb.uncoma.edu.ar\/index.php\/carreras\/licenciatura-en-servicio-social\/\">FADECS<\/a>, investigadora, miembro de la secretar\u00eda de Ni\u00f1ez, Adolescencia y Familia (SENAF) y ex-presidenta de la Delegaci\u00f3n Alto Valle Este del Colegio de Trabajo Social. Sus a\u00f1os de experiencia en el campo, le permiten tener una amplia visi\u00f3n sobre las realidades y desaf\u00edos del trabajo social en la regi\u00f3n. Para ella, la presencia de esta carrera en la ciudad es fundamental para la comunidad, ya que el rol de los profesionales es el de abogar por la equidad y buscar mejorar \u201clas condiciones para que una familia se pueda reproducir, que pueda vivir saludablemente, no solo comer, vivir en condiciones dignas, poder acceder a un mont\u00f3n de cuestiones incluso la recreaci\u00f3n\u201d.<\/span><\/p>\n\n\n\n<p><span style=\"font-weight: 400\">Influenciada por una t\u00eda y una profesora, ambas trabajadoras sociales, lo que la motiv\u00f3 a formarse en Servicio Social fue el deseo de ayudar: \u201cMuchos estudiamos trabajo social porque queremos ayudar, tenemos esa cosa. Despu\u00e9s uno le va dando una vuelta, de que no es el ayudar por ayudar\u201d cont\u00f3 Sienra. A pesar de las dificultades, sigue apasionada por su trabajo y afirma que \u00abes una carrera hermosa, aunque requiere muchos cambios\u00bb.&nbsp;<\/span><\/p>\n\n\n\n<p><span style=\"font-weight: 400\">La formaci\u00f3n acad\u00e9mica no prepara a los trabajadores para la realidad del campo. Sienra menciona que es todo un desaf\u00edo porque: \u201cla formaci\u00f3n te da algo b\u00e1sico, pero uno tiene que ir haciendo tambi\u00e9n su propio camino de formaci\u00f3n despu\u00e9s de graduado, para conocer otras cosas y para aggiornarse a las realidades (&#8230;)\u201d. La nula actualizaci\u00f3n del plan de estudios en la carrera (desde los 80) ha llevado a los trabajadores sociales a concretar los cambios en la pr\u00e1ctica, independientemente de lo curricular, como la adaptaci\u00f3n a la virtualidad durante la pandemia, por ejemplo.&nbsp;<\/span><\/p>\n\n\n\n<figure class=\"wp-block-embed is-type-video is-provider-youtube wp-block-embed-youtube wp-embed-aspect-16-9 wp-has-aspect-ratio\"><div class=\"wp-block-embed__wrapper\">\n<iframe loading=\"lazy\" title=\"Albina Sienra Docente de Servicio Social\" width=\"500\" height=\"281\" src=\"https:\/\/www.youtube.com\/embed\/80b3szPrALk?feature=oembed\" frameborder=\"0\" allow=\"accelerometer; autoplay; clipboard-write; encrypted-media; gyroscope; picture-in-picture; web-share\" referrerpolicy=\"strict-origin-when-cross-origin\" allowfullscreen><\/iframe>\n<\/div><\/figure>\n\n\n<p><span style=\"font-weight: 400\">La presencia de la carrera de Trabajo Social en Fiske facilita la formaci\u00f3n continua de los profesionales, mientras que en lugares donde no est\u00e1 la carrera, como en Bariloche, es m\u00e1s dif\u00edcil continuar con la educaci\u00f3n. En la regi\u00f3n y gracias a la existencia de dos m\u00f3dulos que la ofrecen (en Fiske y en Neuqu\u00e9n), hay m\u00e1s posibilidades de acceder a programas de posgrado y seminarios especializados.\u00a0<\/span><\/p>\n\n\n<figure class=\"wp-block-embed is-type-video is-provider-youtube wp-block-embed-youtube wp-embed-aspect-16-9 wp-has-aspect-ratio\"><div class=\"wp-block-embed__wrapper\">\n<iframe loading=\"lazy\" title=\"Albina Sienra Docente de Servicio Social\" width=\"500\" height=\"281\" src=\"https:\/\/www.youtube.com\/embed\/Zfy0zMwXMIo?feature=oembed\" frameborder=\"0\" allow=\"accelerometer; autoplay; clipboard-write; encrypted-media; gyroscope; picture-in-picture; web-share\" referrerpolicy=\"strict-origin-when-cross-origin\" allowfullscreen><\/iframe>\n<\/div><\/figure>\n\n\n<p><span style=\"font-weight: 400\">La entrevistada destaca que en la FADECS existe una especializaci\u00f3n en Trabajo Social Forense y tambi\u00e9n menciona que la cercan\u00eda con la universidad permite organizar charlas abiertas o seminarios de posgrado, como ha hecho desde la Delegaci\u00f3n Alto Valle Este del colegio, con la participaci\u00f3n de docentes locales y de otras ciudades como La Plata y Tandil.<\/span><\/p>\n<p><span style=\"font-weight: 400\">La formaci\u00f3n continua no solamente mejora el ejercicio profesional, sino que tambi\u00e9n aumenta el n\u00famero de profesionales en el Alto Valle: \u201cel a\u00f1o pasado hicimos un relevamiento y sabemos que hay por lo menos 100\/150 personas, que pueden ser muchos m\u00e1s\u201d coment\u00f3. Aunque no hay una cifra exacta de la cantidad de Trabajadores Sociales en la regi\u00f3n, esta es bastante alta para los puestos laborales disponibles. Seg\u00fan Sienra: \u201cen esta zona hay un gran ej\u00e9rcito de reserva de trabajadores sociales\u201d.\u00a0<\/span><\/p>\n<p><span style=\"font-weight: 400\">Esto se debe a que muchos egresados de la carrera, provenientes de la L\u00ednea Sur, deciden quedarse en la ciudad y alrededores para ejercer, lo que genera que los trabajos sean pocos o precarios. La falta de puestos laborales, obliga a los trabajadores sociales a salirse de los \u00e1mbitos comunes de trabajo como pueden ser la <a href=\"https:\/\/www.facebook.com\/senafrionegro\/\">SENAF<\/a>, o el \u00e1mbito estatal como los municipios, para adentrarse en el \u00e1mbito privado (obras sociales) o buscar otras posibilidades: \u201chay muchos que empiezan a dar clase en secundaria, pero, aunque el t\u00edtulo te habilite dar clases, tu laburo no est\u00e1 vinculado necesariamente al trabajo social\u201d, sostiene.\u00a0<\/span><\/p>\n<p><span style=\"font-weight: 400\">El tema que mayor preocupa actualmente a los trabajadores sociales de la provincia, es la situaci\u00f3n del Nuevo Colegio de Trabajo Social. Hasta el a\u00f1o pasado, los profesionales del rubro estaban registrados bajo lo que Sienra llam\u00f3 un \u201cfalso colegio\u201d, una asociaci\u00f3n civil en la que la provincia de Rio Negro cumpl\u00eda ciertas tareas, como llevar el registro de la cantidad de profesionales del \u00e1rea. Tras la sanci\u00f3n de la ley N\u00b05638 el a\u00f1o pasado, Albina Sienra empez\u00f3 a formar parte de la comisi\u00f3n que elabora el C\u00f3digo de \u00c9tica, el cual, una vez aprobado y junto al Estatuto, permitir\u00e1 finalmente la creaci\u00f3n del nuevo colegio.<\/span><\/p>","protected":false},"excerpt":{"rendered":"<p>Por: Constansa Ramos, Simon Massri La primera carrera que ofreci\u00f3 la FADECs en General Roca fue la de Trabajo Social. Desde entonces, cientos de j\u00f3venes roquenses y de otras localidades se han formado en esta profesi\u00f3n. Albina Sienra, graduada de la carrera, explica c\u00f3mo es trabajar en un \u00e1rea \u201ctan frustrante como hermosa\u201d y cu\u00e1l [&hellip;]<\/p>\n","protected":false},"author":46,"featured_media":0,"comment_status":"open","ping_status":"open","sticky":false,"template":"","format":"standard","meta":{"_exactmetrics_skip_tracking":false,"_exactmetrics_sitenote_active":false,"_exactmetrics_sitenote_note":"","_exactmetrics_sitenote_category":0,"footnotes":""},"categories":[1],"tags":[22,19,18,38,37,36,10],"class_list":["post-160","post","type-post","status-publish","format-standard","hentry","category-sin-categoria","tag-fadecs","tag-fiske-menuco","tag-general-roca","tag-rio-negro","tag-servicio-social","tag-trabajo-social","tag-universidad-nacional-del-comahue"],"jetpack_featured_media_url":"","_links":{"self":[{"href":"https:\/\/medialabpatagonia.org\/rocaciudaduniversitaria\/wp-json\/wp\/v2\/posts\/160","targetHints":{"allow":["GET"]}}],"collection":[{"href":"https:\/\/medialabpatagonia.org\/rocaciudaduniversitaria\/wp-json\/wp\/v2\/posts"}],"about":[{"href":"https:\/\/medialabpatagonia.org\/rocaciudaduniversitaria\/wp-json\/wp\/v2\/types\/post"}],"author":[{"embeddable":true,"href":"https:\/\/medialabpatagonia.org\/rocaciudaduniversitaria\/wp-json\/wp\/v2\/users\/46"}],"replies":[{"embeddable":true,"href":"https:\/\/medialabpatagonia.org\/rocaciudaduniversitaria\/wp-json\/wp\/v2\/comments?post=160"}],"version-history":[{"count":12,"href":"https:\/\/medialabpatagonia.org\/rocaciudaduniversitaria\/wp-json\/wp\/v2\/posts\/160\/revisions"}],"predecessor-version":[{"id":406,"href":"https:\/\/medialabpatagonia.org\/rocaciudaduniversitaria\/wp-json\/wp\/v2\/posts\/160\/revisions\/406"}],"wp:attachment":[{"href":"https:\/\/medialabpatagonia.org\/rocaciudaduniversitaria\/wp-json\/wp\/v2\/media?parent=160"}],"wp:term":[{"taxonomy":"category","embeddable":true,"href":"https:\/\/medialabpatagonia.org\/rocaciudaduniversitaria\/wp-json\/wp\/v2\/categories?post=160"},{"taxonomy":"post_tag","embeddable":true,"href":"https:\/\/medialabpatagonia.org\/rocaciudaduniversitaria\/wp-json\/wp\/v2\/tags?post=160"}],"curies":[{"name":"wp","href":"https:\/\/api.w.org\/{rel}","templated":true}]}}